{"id":3977,"date":"2019-10-11T00:10:34","date_gmt":"2019-10-10T22:10:34","guid":{"rendered":"http:\/\/hallein-evangelisch.at\/wp\/?p=3977"},"modified":"2020-09-17T16:09:11","modified_gmt":"2020-09-17T14:09:11","slug":"religion-in-der-schule","status":"publish","type":"post","link":"https:\/\/hallein-evangelisch.at\/wp\/?p=3977","title":{"rendered":"Religion in der Schule"},"content":{"rendered":"<p>[2019-12-01]<\/p>\n<p>F\u00fcr den Religionsunterrricht in den Schulen arbeiten diese Frauen und M\u00e4nner:<\/p>\n<table>\n<tbody>\n<tr>\n<td><img loading=\"lazy\" decoding=\"async\" class=\"wp-image-7320 size-thumbnail alignleft\" src=\"https:\/\/hallein-evangelisch.at\/wp\/wp-content\/uploads\/2020\/03\/peter_gabriel_2020-1-scaled-e1584696870375-150x150.jpg\" alt=\"\" width=\"150\" height=\"150\" \/><strong>Pfarrer Dr. Peter Gabriel<\/strong><\/td>\n<\/tr>\n<tr>\n<td><img loading=\"lazy\" decoding=\"async\" class=\"alignleft wp-image-7943 size-thumbnail\" src=\"https:\/\/hallein-evangelisch.at\/wp\/wp-content\/uploads\/2020\/09\/daniel_mauer-e1600343769424-150x150.jpg\" alt=\"\" width=\"150\" height=\"150\" \/><strong>Pfarrer Jens-Daniel Mauer<\/strong><\/td>\n<\/tr>\n<tr>\n<td><strong>PetraKemper<\/strong><img loading=\"lazy\" decoding=\"async\" class=\"wp-image-2463 alignleft\" src=\"https:\/\/hallein-evangelisch.at\/wp\/wp-content\/uploads\/2017\/09\/PetraKemper.jpg\" alt=\"\" width=\"150\" height=\"200\" \/><\/td>\n<\/tr>\n<tr>\n<td><img loading=\"lazy\" decoding=\"async\" class=\"wp-image-2481 alignleft\" src=\"https:\/\/hallein-evangelisch.at\/wp\/wp-content\/uploads\/2017\/09\/wegmayr.jpg\" alt=\"\" width=\"150\" height=\"100\" \/><strong>Karin Wegmayr-Strohbach<\/strong><\/td>\n<\/tr>\n<tr>\n<td><strong>Tino Jansson<\/strong><img loading=\"lazy\" decoding=\"async\" class=\"alignleft wp-image-340\" src=\"https:\/\/hallein-evangelisch.at\/wp\/wp-content\/uploads\/2012\/11\/TinoJanson-400x600.jpg\" alt=\"\" width=\"150\" height=\"225\" srcset=\"https:\/\/hallein-evangelisch.at\/wp\/wp-content\/uploads\/2012\/11\/TinoJanson-400x600.jpg 400w, https:\/\/hallein-evangelisch.at\/wp\/wp-content\/uploads\/2012\/11\/TinoJanson-683x1024.jpg 683w, https:\/\/hallein-evangelisch.at\/wp\/wp-content\/uploads\/2012\/11\/TinoJanson-200x300.jpg 200w, https:\/\/hallein-evangelisch.at\/wp\/wp-content\/uploads\/2012\/11\/TinoJanson-682x1024.jpg 682w, https:\/\/hallein-evangelisch.at\/wp\/wp-content\/uploads\/2012\/11\/TinoJanson.jpg 1067w\" sizes=\"auto, (max-width: 150px) 100vw, 150px\" \/><\/td>\n<\/tr>\n<\/tbody>\n<\/table>\n<p>Beitr\u00e4ge in dieser Kategorie:<ul class=\"lcp_catlist\" id=\"lcp_instance_0\"><li><a href=\"https:\/\/hallein-evangelisch.at\/wp\/?p=18118\">Unser Leitbild<\/a><div class=\"lcp-customfield\">Wir verstehen uns als Teil der weltweiten Kirche Jesu Christi.<\/div><\/li><li><a href=\"https:\/\/hallein-evangelisch.at\/wp\/?p=14021\">Unsere Gemeindeleitung<\/a><div class=\"lcp-customfield\">Leitung der Pfarrgemeinde gemeinsam mit dem Presbyterium.<\/div><\/li><li><a href=\"https:\/\/hallein-evangelisch.at\/wp\/?p=16834\">Unsere neue Vikarin<\/a><\/li><li><a href=\"https:\/\/hallein-evangelisch.at\/wp\/?p=16594\">100 Jahre Evangelische Pfarrgemeinde Hallein \u2013 FESTSCHRIFT<\/a><\/li><li><a href=\"https:\/\/hallein-evangelisch.at\/wp\/?p=14273\">Neues Triangel-Kuratorinnenteam<\/a><\/li><li><a href=\"https:\/\/hallein-evangelisch.at\/wp\/?p=13783\">Abschied und Neubeginn<\/a><\/li><li><a href=\"https:\/\/hallein-evangelisch.at\/wp\/?p=13753\">Unsere Gemeindevertretung<\/a><\/li><li><a href=\"https:\/\/hallein-evangelisch.at\/wp\/?p=13744\">Wir haben gew\u00e4hlt!<\/a><\/li><li><a href=\"https:\/\/hallein-evangelisch.at\/wp\/?p=13542\">Bei uns hast auch DU die Wahl!<\/a><\/li><li><a href=\"https:\/\/hallein-evangelisch.at\/wp\/?p=13529\">W\u00e4hlen macht zufriedener<\/a><\/li><li><a href=\"https:\/\/hallein-evangelisch.at\/wp\/?p=13523\">Wer die Wahl hat \u2026<\/a><\/li><li><a href=\"https:\/\/hallein-evangelisch.at\/wp\/?p=13520\">Wahlen in der Bibel<\/a><\/li><\/ul><\/p>\n","protected":false},"excerpt":{"rendered":"<div class=\"mh-excerpt\"><p>[2019-12-01] F\u00fcr den Religionsunterrricht in den Schulen arbeiten diese Frauen und M\u00e4nner: Pfarrer Dr. Peter Gabriel Pfarrer Jens-Daniel Mauer PetraKemper Karin Wegmayr-Strohbach Tino Jansson Beitr\u00e4ge in dieser Kategorie:<\/p>\n<\/div>","protected":false},"author":8,"featured_media":5109,"comment_status":"closed","ping_status":"closed","sticky":false,"template":"","format":"standard","meta":{"footnotes":""},"categories":[9],"tags":[],"class_list":{"0":"post-3977","1":"post","2":"type-post","3":"status-publish","4":"format-standard","5":"has-post-thumbnail","7":"category-ueber-uns"},"_links":{"self":[{"href":"https:\/\/hallein-evangelisch.at\/wp\/index.php?rest_route=\/wp\/v2\/posts\/3977","targetHints":{"allow":["GET"]}}],"collection":[{"href":"https:\/\/hallein-evangelisch.at\/wp\/index.php?rest_route=\/wp\/v2\/posts"}],"about":[{"href":"https:\/\/hallein-evangelisch.at\/wp\/index.php?rest_route=\/wp\/v2\/types\/post"}],"author":[{"embeddable":true,"href":"https:\/\/hallein-evangelisch.at\/wp\/index.php?rest_route=\/wp\/v2\/users\/8"}],"replies":[{"embeddable":true,"href":"https:\/\/hallein-evangelisch.at\/wp\/index.php?rest_route=%2Fwp%2Fv2%2Fcomments&post=3977"}],"version-history":[{"count":17,"href":"https:\/\/hallein-evangelisch.at\/wp\/index.php?rest_route=\/wp\/v2\/posts\/3977\/revisions"}],"predecessor-version":[{"id":8065,"href":"https:\/\/hallein-evangelisch.at\/wp\/index.php?rest_route=\/wp\/v2\/posts\/3977\/revisions\/8065"}],"wp:featuredmedia":[{"embeddable":true,"href":"https:\/\/hallein-evangelisch.at\/wp\/index.php?rest_route=\/wp\/v2\/media\/5109"}],"wp:attachment":[{"href":"https:\/\/hallein-evangelisch.at\/wp\/index.php?rest_route=%2Fwp%2Fv2%2Fmedia&parent=3977"}],"wp:term":[{"taxonomy":"category","embeddable":true,"href":"https:\/\/hallein-evangelisch.at\/wp\/index.php?rest_route=%2Fwp%2Fv2%2Fcategories&post=3977"},{"taxonomy":"post_tag","embeddable":true,"href":"https:\/\/hallein-evangelisch.at\/wp\/index.php?rest_route=%2Fwp%2Fv2%2Ftags&post=3977"}],"curies":[{"name":"wp","href":"https:\/\/api.w.org\/{rel}","templated":true}]}}