{"id":4066,"date":"2018-03-27T00:00:17","date_gmt":"2018-03-27T00:00:17","guid":{"rendered":"http:\/\/hallein-evangelisch.at\/wp\/?p=4066"},"modified":"2022-05-02T17:25:46","modified_gmt":"2022-05-02T15:25:46","slug":"10-04-2018-sinn-fuers-leben","status":"publish","type":"post","link":"https:\/\/hallein-evangelisch.at\/wp\/?p=4066","title":{"rendered":"10042018 Sinn f\u00fcrs Leben"},"content":{"rendered":"<p>[2018-03-27]<\/p>\n<p><img loading=\"lazy\" decoding=\"async\" class=\"alignleft size-medium wp-image-4067\" src=\"http:\/\/hallein-evangelisch.at\/wp\/wp-content\/uploads\/2018\/03\/kerzen_taize_hp-600x400.jpg\" alt=\"\" width=\"600\" height=\"400\" srcset=\"https:\/\/hallein-evangelisch.at\/wp\/wp-content\/uploads\/2018\/03\/kerzen_taize_hp-600x400.jpg 600w, https:\/\/hallein-evangelisch.at\/wp\/wp-content\/uploads\/2018\/03\/kerzen_taize_hp-1024x683.jpg 1024w, https:\/\/hallein-evangelisch.at\/wp\/wp-content\/uploads\/2018\/03\/kerzen_taize_hp.jpg 1920w\" sizes=\"auto, (max-width: 600px) 100vw, 600px\" \/>Viele Jugendliche kennen den franz\u00f6sischen Ort Taize\u00b4 und erinnern sich gerne an einen Aufenthalt an diesem so spannenden und sinnlichen Ort. Pater Fr\u00e8re Roger, der Gr\u00fcnder dieses Ordens betonte,\u00a0\u201edass es darauf ankam, eine Gemeinschaft ins Leben zu rufen, eine Gemeinschaft von M\u00e4nnern, die entschlossen sind, ihr ganzes Leben zu geben, und die versuchen, sich stets zu verstehen und zu vers\u00f6hnen. Eine Gemeinschaft, in der es im Letzten um die G\u00fcte des Herzens und die Einfachheit geht.\u201c<\/p>\n<p>Wer den wunderbaren Geist dieser Gemeinschaft (wieder) sp\u00fcren und auf sich einwirken lassen will, muss dazu nicht nach Frankreich reisen. \u201eAls Christinnen und Christen gemeinsam beten und singen \u2013 \u00fcber alle Konfessionsgrenzen hinweg, eintauchen in die Stille, sich vom Geist von Taiz\u00e9 inspirieren lassen, das ist auch in Hallein m\u00f6glich\u201c, so Pfarrer Dr. Peter Gabriel von der evangelischen Gemeinde in Hallein. Und deshalb wird eingeladen zu einem \u00f6kumenischen Taiz\u00e9-Gebet in der evangelischen Kirche von Hallein am Dienstag, 10. April 2018 um 19 Uhr. Gemeinsam mit dem Chor der Evang. Kirche wird gesungen, gebetet und meditiert.<\/p>\n","protected":false},"excerpt":{"rendered":"<div class=\"mh-excerpt\"><p>[2018-03-27] Viele Jugendliche kennen den franz\u00f6sischen Ort Taize\u00b4 und erinnern sich gerne an einen Aufenthalt an diesem so spannenden und sinnlichen Ort. Pater Fr\u00e8re Roger, der Gr\u00fcnder dieses Ordens betonte,\u00a0\u201edass es darauf ankam, eine Gemeinschaft <a class=\"mh-excerpt-more\" href=\"https:\/\/hallein-evangelisch.at\/wp\/?p=4066\" title=\"10042018 Sinn f\u00fcrs Leben\">[&#8230;]<\/a><\/p>\n<\/div>","protected":false},"author":8,"featured_media":4067,"comment_status":"closed","ping_status":"closed","sticky":false,"template":"","format":"standard","meta":{"footnotes":""},"categories":[1],"tags":[],"class_list":{"0":"post-4066","1":"post","2":"type-post","3":"status-publish","4":"format-standard","5":"has-post-thumbnail","7":"category-allgemein"},"_links":{"self":[{"href":"https:\/\/hallein-evangelisch.at\/wp\/index.php?rest_route=\/wp\/v2\/posts\/4066","targetHints":{"allow":["GET"]}}],"collection":[{"href":"https:\/\/hallein-evangelisch.at\/wp\/index.php?rest_route=\/wp\/v2\/posts"}],"about":[{"href":"https:\/\/hallein-evangelisch.at\/wp\/index.php?rest_route=\/wp\/v2\/types\/post"}],"author":[{"embeddable":true,"href":"https:\/\/hallein-evangelisch.at\/wp\/index.php?rest_route=\/wp\/v2\/users\/8"}],"replies":[{"embeddable":true,"href":"https:\/\/hallein-evangelisch.at\/wp\/index.php?rest_route=%2Fwp%2Fv2%2Fcomments&post=4066"}],"version-history":[{"count":2,"href":"https:\/\/hallein-evangelisch.at\/wp\/index.php?rest_route=\/wp\/v2\/posts\/4066\/revisions"}],"predecessor-version":[{"id":11039,"href":"https:\/\/hallein-evangelisch.at\/wp\/index.php?rest_route=\/wp\/v2\/posts\/4066\/revisions\/11039"}],"wp:featuredmedia":[{"embeddable":true,"href":"https:\/\/hallein-evangelisch.at\/wp\/index.php?rest_route=\/wp\/v2\/media\/4067"}],"wp:attachment":[{"href":"https:\/\/hallein-evangelisch.at\/wp\/index.php?rest_route=%2Fwp%2Fv2%2Fmedia&parent=4066"}],"wp:term":[{"taxonomy":"category","embeddable":true,"href":"https:\/\/hallein-evangelisch.at\/wp\/index.php?rest_route=%2Fwp%2Fv2%2Fcategories&post=4066"},{"taxonomy":"post_tag","embeddable":true,"href":"https:\/\/hallein-evangelisch.at\/wp\/index.php?rest_route=%2Fwp%2Fv2%2Ftags&post=4066"}],"curies":[{"name":"wp","href":"https:\/\/api.w.org\/{rel}","templated":true}]}}