{"id":4114,"date":"2018-04-06T00:00:09","date_gmt":"2018-04-06T00:00:09","guid":{"rendered":"http:\/\/hallein-evangelisch.at\/wp\/?p=4114"},"modified":"2020-05-02T18:20:58","modified_gmt":"2020-05-02T16:20:58","slug":"erzaehlcafe","status":"publish","type":"post","link":"https:\/\/hallein-evangelisch.at\/wp\/?p=4114","title":{"rendered":"Erz\u00e4hlcafe"},"content":{"rendered":"<p>[2018-04-06]<\/p>\n<h2>Fr\u00fchlingserwachen &#8230;<\/h2>\n<p><img loading=\"lazy\" decoding=\"async\" class=\"alignleft size-full wp-image-4117\" src=\"http:\/\/hallein-evangelisch.at\/wp\/wp-content\/uploads\/2018\/03\/cafe.jpg\" alt=\"\" width=\"371\" height=\"284\" srcset=\"https:\/\/hallein-evangelisch.at\/wp\/wp-content\/uploads\/2018\/03\/cafe.jpg 371w, https:\/\/hallein-evangelisch.at\/wp\/wp-content\/uploads\/2018\/03\/cafe-80x60.jpg 80w\" sizes=\"auto, (max-width: 371px) 100vw, 371px\" \/>Fr\u00fchling bedeutet das Ende des langen, dunklen Winters. So lange hat das Leben unter einer kalten Decke stillgestanden. Und jetzt kommt es mit Macht heraus, als erstes die Schneegl\u00f6ckchen, die schon mitten in der K\u00e4lte zu sehen sind. Die Sonne scheint l\u00e4nger, es wird abends nicht mehr so fr\u00fch dunkel und morgens ist es beim Aufwachen schon wieder ein bisschen hell. Und alles hat den Zauber des Anfangs.<\/p>\n<p>Fr\u00fchling bedeutet Neuanfang. Das Wunder des neuen Lebens nach der langen Zeit der Stagnation. Und dieser Neuanfang ber\u00fchrt uns meistens ganz besonders. Wir m\u00fcssen nur einen neugeborenen Menschen ansehen oder das junge Gr\u00fcn der Bl\u00e4tter, wenn sie noch nicht die Spuren eines langen, hei\u00dfen Sommers tragen.<\/p>\n<p>Die gro\u00dfen Taten Gottes geschehen ebenfalls im Fr\u00fchling. Als er das Volk Israel aus \u00c4gypten befreite, da tat er es im Fr\u00fchling. Und im Fr\u00fchling sollen sie auch die Erinnerung daran feiern, das Passahfest. Viele Jahre sp\u00e4ter war es an so einem Passahfest, als Jesus vom Tod auferstand und mit einem frischen neuen Leben den J\u00fcngern begegnete.<\/p>\n<p>Die Auferstehung ist die sch\u00f6nste Fr\u00fchlingsgeschichte. Als sie Jesus ins Grab legten, da war f\u00fcr seine J\u00fcnger und die ganze Welt Winter. Aber am dritten Tag kam der Fr\u00fchling, und Jesus verlie\u00df sein Grab. Und er ging nicht zur\u00fcck, er lie\u00df den Winter f\u00fcr immer hinter sich. In der neuen Welt Gottes wird es keinen Winter mehr geben, sondern dort tragen die B\u00e4ume das ganze Jahr \u00fcber Bl\u00fcten und Fr\u00fcchte.<\/p>\n<p>Es ist also kein Zufall, dass Ostern, das Fest der Auferstehung, im Fr\u00fchling liegt. Das ist so, weil Gott schon die Befreiung aus \u00c4gypten in den Fr\u00fchling gelegt hat. Dann haben zwar Leute gesagt: er ist einfach ein Symbol f\u00fcr den Neuanfang im Fr\u00fchling, aber es ist gerade umgekehrt: wir k\u00f6nnen diesen Neuanfang nur deshalb richtig feiern, weil wir wissen, dass es durch die Auferstehung einen Neuanfang ein f\u00fcr allemal gegeben hat. Wenn wir das nicht w\u00fcssten, dann k\u00f6nnten wir voll Resignation sagen: ja, nat\u00fcrlich kommt der Fr\u00fchling, aber irgendwann ist auch wieder Winter, es ist ein ewiger Kreislauf, und wir kommen da nicht raus. Aber die Auferstehung sagt uns, dass die Welt nicht in einem ewigen Kreislauf gefangen ist, sondern es gibt tats\u00e4chlich eine Tendenz, eine unumkehrbare Richtung auf die neue Welt hin. Und deshalb k\u00f6nnen wir uns wirklich am zarten Zauber des Neuanfangs freuen. Hermann Hesse hat ja\u00a0geschrieben:<\/p>\n<p>\u201eUnd jedem Anfang wohnt ein Zauber inne, der uns besch\u00fctzt und der uns hilft zu leben.\u201c<\/p>\n<p>Ein kleiner Zauber des Aufbruchs wohnt auch unserem \u201eErz\u00e4hlcafe\u201c inne: Nachdem Andrea Keferbeck-Pichler viele Jahre lang quasi im Alleingang unerm\u00fcdlich dieses 14-t\u00e4gig stattfindende Angebot leitete, freuen wir uns, seit J\u00e4nner 2018 mit Herrn Roland Neuhofer Verst\u00e4rkung f\u00fcr unser Team gewonnen zu haben. Gelegenheit zum Austausch und Gespr\u00e4ch, und gerade im fortgeschrittenen Alter noch neue Bekanntschaften zu machen, diese M\u00f6glichkeiten bietet unser \u201eErz\u00e4hlcafe\u201c, das Frau Keferbeck und Herr Neuhofer <strong>14-t\u00e4gig dienstags um 14.30 Uhr<\/strong> in unseren Halleiner R\u00e4umlichkeiten am Sch\u00f6ndorferplatz anbieten. F\u00fcr Informationen \u00fcber die genauen Termine, aber auch f\u00fcr Ihre Anfrage bez\u00fcglich Pflege und Unterst\u00fctzung zu Hause stehe ich Ihnen gerne zur Verf\u00fcgung.<\/p>\n<p>Einen \u201ezauberhaften\u201c Fr\u00fchling w\u00fcnscht Ihnen Ihr<br \/>\nDGKP Jan S. Bechtold<\/p>\n<p>Diakoniewerk Salzburg Einsatzleitung<br \/>\nDiakonie.mobil Hallein \/ Tennengau<br \/>\nKhuenburggasse 2 \/ Ecke Sch\u00f6ndorferplatz<br \/>\n5400 Hallein<br \/>\nTel.: 0650 \/ 82 67 700<br \/>\nE-Mail: diakoniemobil.hallein@diakoniewerk.at oder<br \/>\nJan.Bechtold@diakoniewerk.at<\/p>\n","protected":false},"excerpt":{"rendered":"<div class=\"mh-excerpt\"><p>[2018-04-06] Fr\u00fchlingserwachen &#8230; Fr\u00fchling bedeutet das Ende des langen, dunklen Winters. So lange hat das Leben unter einer kalten Decke stillgestanden. Und jetzt kommt es mit Macht heraus, als erstes die Schneegl\u00f6ckchen, die schon mitten <a class=\"mh-excerpt-more\" href=\"https:\/\/hallein-evangelisch.at\/wp\/?p=4114\" title=\"Erz\u00e4hlcafe\">[&#8230;]<\/a><\/p>\n<\/div>","protected":false},"author":8,"featured_media":4117,"comment_status":"closed","ping_status":"closed","sticky":false,"template":"","format":"standard","meta":{"footnotes":""},"categories":[1],"tags":[],"class_list":{"0":"post-4114","1":"post","2":"type-post","3":"status-publish","4":"format-standard","5":"has-post-thumbnail","7":"category-allgemein"},"_links":{"self":[{"href":"https:\/\/hallein-evangelisch.at\/wp\/index.php?rest_route=\/wp\/v2\/posts\/4114","targetHints":{"allow":["GET"]}}],"collection":[{"href":"https:\/\/hallein-evangelisch.at\/wp\/index.php?rest_route=\/wp\/v2\/posts"}],"about":[{"href":"https:\/\/hallein-evangelisch.at\/wp\/index.php?rest_route=\/wp\/v2\/types\/post"}],"author":[{"embeddable":true,"href":"https:\/\/hallein-evangelisch.at\/wp\/index.php?rest_route=\/wp\/v2\/users\/8"}],"replies":[{"embeddable":true,"href":"https:\/\/hallein-evangelisch.at\/wp\/index.php?rest_route=%2Fwp%2Fv2%2Fcomments&post=4114"}],"version-history":[{"count":3,"href":"https:\/\/hallein-evangelisch.at\/wp\/index.php?rest_route=\/wp\/v2\/posts\/4114\/revisions"}],"predecessor-version":[{"id":7654,"href":"https:\/\/hallein-evangelisch.at\/wp\/index.php?rest_route=\/wp\/v2\/posts\/4114\/revisions\/7654"}],"wp:featuredmedia":[{"embeddable":true,"href":"https:\/\/hallein-evangelisch.at\/wp\/index.php?rest_route=\/wp\/v2\/media\/4117"}],"wp:attachment":[{"href":"https:\/\/hallein-evangelisch.at\/wp\/index.php?rest_route=%2Fwp%2Fv2%2Fmedia&parent=4114"}],"wp:term":[{"taxonomy":"category","embeddable":true,"href":"https:\/\/hallein-evangelisch.at\/wp\/index.php?rest_route=%2Fwp%2Fv2%2Fcategories&post=4114"},{"taxonomy":"post_tag","embeddable":true,"href":"https:\/\/hallein-evangelisch.at\/wp\/index.php?rest_route=%2Fwp%2Fv2%2Ftags&post=4114"}],"curies":[{"name":"wp","href":"https:\/\/api.w.org\/{rel}","templated":true}]}}