{"id":4297,"date":"2018-04-09T08:41:25","date_gmt":"2018-04-09T08:41:25","guid":{"rendered":"http:\/\/hallein-evangelisch.at\/wp\/?p=4297"},"modified":"2020-04-30T10:28:47","modified_gmt":"2020-04-30T08:28:47","slug":"haecksler-gesucht","status":"publish","type":"post","link":"https:\/\/hallein-evangelisch.at\/wp\/?p=4297","title":{"rendered":"H\u00e4cksler gesucht"},"content":{"rendered":"<p>[2018-04-09]<\/p>\n<p><a href=\"http:\/\/hallein-evangelisch.at\/wp\/?attachment_id=4298\" rel=\"attachment wp-att-4298\"><img loading=\"lazy\" decoding=\"async\" class=\"alignleft size-medium wp-image-4298\" src=\"http:\/\/hallein-evangelisch.at\/wp\/wp-content\/uploads\/2018\/04\/Gartenarbeit_1523263029-600x407.jpg\" alt=\"\" width=\"600\" height=\"407\" srcset=\"https:\/\/hallein-evangelisch.at\/wp\/wp-content\/uploads\/2018\/04\/Gartenarbeit_1523263029-600x407.jpg 600w, https:\/\/hallein-evangelisch.at\/wp\/wp-content\/uploads\/2018\/04\/Gartenarbeit_1523263029-1024x694.jpg 1024w, https:\/\/hallein-evangelisch.at\/wp\/wp-content\/uploads\/2018\/04\/Gartenarbeit_1523263029.jpg 1280w\" sizes=\"auto, (max-width: 600px) 100vw, 600px\" \/><\/a><\/p>\n<p>Das Team von Mitarbeiter\/innen, die sich um den Pfarrgarten k\u00fcmmern, m\u00f6chte in Zukunft die gro\u00dfen Mengen Gr\u00fcnschnitt, \u00c4ste usw., die auf unserem Grundst\u00fcck anfallen, nicht mehr entsorgen, sondern zu wertvollem Kompost verarbeiten. Dazu ist aber ein H\u00e4cksler erforderlich!<\/p>\n<p>Wegen der finanziell angespannten Situation unserer Pfarrgemeinde fragen wir, ob jemand einen H\u00e4cksler hat, der nicht mehr gebraucht wird, aber noch gut funktioniert. Da das gro\u00dfe Pfarrgrundst\u00fcck hohe Anforderungen stellt, m\u00fcsste es ein Ger\u00e4t mit Selbsteinzug sein, das \u00c4ste bis 5 cm Durchmesser verarbeiten kann. Das Gartenteam w\u00e4re \u00fcber R\u00fcckmeldungen sehr dankbar.<\/p>\n<p>Am <strong>Samstag, 21. April, findet ab 09:00 Uhr<\/strong> ein <strong>gemeinsamer Arbeitstag im Garten<\/strong> unserer Pfarrgemeinde statt. Robert Siller (dem wir zum heutigen Eintritt in die evangelische Kirche herzlich gratulieren!) hat die Koordination der Arbeitseins\u00e4tze \u00fcbernommen, das Team (Ilse, Monika, Hans, Robert, Nick, Uwe, Walter, Heinz, Peter) freut sich auf Unterst\u00fctzung durch Menschen, die Freude am gemeinsamen Arbeiten haben!<\/p>\n<p>&nbsp;<\/p>\n","protected":false},"excerpt":{"rendered":"<div class=\"mh-excerpt\"><p>[2018-04-09] Das Team von Mitarbeiter\/innen, die sich um den Pfarrgarten k\u00fcmmern, m\u00f6chte in Zukunft die gro\u00dfen Mengen Gr\u00fcnschnitt, \u00c4ste usw., die auf unserem Grundst\u00fcck anfallen, nicht mehr entsorgen, sondern zu wertvollem Kompost verarbeiten. Dazu ist <a class=\"mh-excerpt-more\" href=\"https:\/\/hallein-evangelisch.at\/wp\/?p=4297\" title=\"H\u00e4cksler gesucht\">[&#8230;]<\/a><\/p>\n<\/div>","protected":false},"author":8,"featured_media":4298,"comment_status":"closed","ping_status":"closed","sticky":false,"template":"","format":"standard","meta":{"footnotes":""},"categories":[1],"tags":[],"class_list":{"0":"post-4297","1":"post","2":"type-post","3":"status-publish","4":"format-standard","5":"has-post-thumbnail","7":"category-allgemein"},"_links":{"self":[{"href":"https:\/\/hallein-evangelisch.at\/wp\/index.php?rest_route=\/wp\/v2\/posts\/4297","targetHints":{"allow":["GET"]}}],"collection":[{"href":"https:\/\/hallein-evangelisch.at\/wp\/index.php?rest_route=\/wp\/v2\/posts"}],"about":[{"href":"https:\/\/hallein-evangelisch.at\/wp\/index.php?rest_route=\/wp\/v2\/types\/post"}],"author":[{"embeddable":true,"href":"https:\/\/hallein-evangelisch.at\/wp\/index.php?rest_route=\/wp\/v2\/users\/8"}],"replies":[{"embeddable":true,"href":"https:\/\/hallein-evangelisch.at\/wp\/index.php?rest_route=%2Fwp%2Fv2%2Fcomments&post=4297"}],"version-history":[{"count":3,"href":"https:\/\/hallein-evangelisch.at\/wp\/index.php?rest_route=\/wp\/v2\/posts\/4297\/revisions"}],"predecessor-version":[{"id":7637,"href":"https:\/\/hallein-evangelisch.at\/wp\/index.php?rest_route=\/wp\/v2\/posts\/4297\/revisions\/7637"}],"wp:featuredmedia":[{"embeddable":true,"href":"https:\/\/hallein-evangelisch.at\/wp\/index.php?rest_route=\/wp\/v2\/media\/4298"}],"wp:attachment":[{"href":"https:\/\/hallein-evangelisch.at\/wp\/index.php?rest_route=%2Fwp%2Fv2%2Fmedia&parent=4297"}],"wp:term":[{"taxonomy":"category","embeddable":true,"href":"https:\/\/hallein-evangelisch.at\/wp\/index.php?rest_route=%2Fwp%2Fv2%2Fcategories&post=4297"},{"taxonomy":"post_tag","embeddable":true,"href":"https:\/\/hallein-evangelisch.at\/wp\/index.php?rest_route=%2Fwp%2Fv2%2Ftags&post=4297"}],"curies":[{"name":"wp","href":"https:\/\/api.w.org\/{rel}","templated":true}]}}