{"id":4306,"date":"2018-04-25T00:01:46","date_gmt":"2018-04-25T00:01:46","guid":{"rendered":"http:\/\/hallein-evangelisch.at\/wp\/?p=4306"},"modified":"2018-04-09T09:16:16","modified_gmt":"2018-04-09T09:16:16","slug":"05-05-2018-wandlungen","status":"publish","type":"post","link":"https:\/\/hallein-evangelisch.at\/wp\/?p=4306","title":{"rendered":"05052018 Wandlungen"},"content":{"rendered":"<p>[2018-04-25]<\/p>\n<p><img loading=\"lazy\" decoding=\"async\" class=\"alignleft size-full wp-image-4308\" src=\"http:\/\/hallein-evangelisch.at\/wp\/wp-content\/uploads\/2018\/04\/wandlungen.jpg\" alt=\"\" width=\"521\" height=\"347\" \/><br clear=\"all\" \/>Wir laden Sie ein zu \u201eWandlungen &#8211; ein m\u00e4rchenhafter Abend\u201c, am Samstag, 5. Mai, um 19.30 Uhr in der evangelischen Kirche.<\/p>\n<p>Der Fr\u00fchling streckt und r\u00e4kelt sich und winkt dem Sommer zu, der aus der Ferne langsam n\u00e4her tanzt. Nichts passt in dieser Zeit besser, als zusammenzukommen und sich abends bei Kerzenschein Geschichten zu erz\u00e4hlen. Am besten Geschichten, in denen das Sanfte und Sch\u00f6ne auf das Wilde und Kraftvolle trifft, wo Trolle auf Raubzug gehen und mutige Frauen in See stechen. Gemeinsam mit der Halleiner Harfenistin Ingeborg Weber gestaltet die Erz\u00e4hlerin Mareike Tiede diesen Abend, der Sie verzaubern wird.<\/p>\n","protected":false},"excerpt":{"rendered":"<div class=\"mh-excerpt\"><p>[2018-04-25] Wir laden Sie ein zu \u201eWandlungen &#8211; ein m\u00e4rchenhafter Abend\u201c, am Samstag, 5. Mai, um 19.30 Uhr in der evangelischen Kirche. Der Fr\u00fchling streckt und r\u00e4kelt sich und winkt dem Sommer zu, der aus <a class=\"mh-excerpt-more\" href=\"https:\/\/hallein-evangelisch.at\/wp\/?p=4306\" title=\"05052018 Wandlungen\">[&#8230;]<\/a><\/p>\n<\/div>","protected":false},"author":8,"featured_media":4308,"comment_status":"closed","ping_status":"closed","sticky":false,"template":"","format":"standard","meta":{"footnotes":""},"categories":[1],"tags":[],"class_list":{"0":"post-4306","1":"post","2":"type-post","3":"status-publish","4":"format-standard","5":"has-post-thumbnail","7":"category-allgemein"},"_links":{"self":[{"href":"https:\/\/hallein-evangelisch.at\/wp\/index.php?rest_route=\/wp\/v2\/posts\/4306","targetHints":{"allow":["GET"]}}],"collection":[{"href":"https:\/\/hallein-evangelisch.at\/wp\/index.php?rest_route=\/wp\/v2\/posts"}],"about":[{"href":"https:\/\/hallein-evangelisch.at\/wp\/index.php?rest_route=\/wp\/v2\/types\/post"}],"author":[{"embeddable":true,"href":"https:\/\/hallein-evangelisch.at\/wp\/index.php?rest_route=\/wp\/v2\/users\/8"}],"replies":[{"embeddable":true,"href":"https:\/\/hallein-evangelisch.at\/wp\/index.php?rest_route=%2Fwp%2Fv2%2Fcomments&post=4306"}],"version-history":[{"count":2,"href":"https:\/\/hallein-evangelisch.at\/wp\/index.php?rest_route=\/wp\/v2\/posts\/4306\/revisions"}],"predecessor-version":[{"id":4309,"href":"https:\/\/hallein-evangelisch.at\/wp\/index.php?rest_route=\/wp\/v2\/posts\/4306\/revisions\/4309"}],"wp:featuredmedia":[{"embeddable":true,"href":"https:\/\/hallein-evangelisch.at\/wp\/index.php?rest_route=\/wp\/v2\/media\/4308"}],"wp:attachment":[{"href":"https:\/\/hallein-evangelisch.at\/wp\/index.php?rest_route=%2Fwp%2Fv2%2Fmedia&parent=4306"}],"wp:term":[{"taxonomy":"category","embeddable":true,"href":"https:\/\/hallein-evangelisch.at\/wp\/index.php?rest_route=%2Fwp%2Fv2%2Fcategories&post=4306"},{"taxonomy":"post_tag","embeddable":true,"href":"https:\/\/hallein-evangelisch.at\/wp\/index.php?rest_route=%2Fwp%2Fv2%2Ftags&post=4306"}],"curies":[{"name":"wp","href":"https:\/\/api.w.org\/{rel}","templated":true}]}}