{"id":4319,"date":"2018-05-04T00:01:56","date_gmt":"2018-05-04T00:01:56","guid":{"rendered":"http:\/\/hallein-evangelisch.at\/wp\/?p=4319"},"modified":"2018-04-09T09:34:46","modified_gmt":"2018-04-09T09:34:46","slug":"26-05-2018-jubilaeum","status":"publish","type":"post","link":"https:\/\/hallein-evangelisch.at\/wp\/?p=4319","title":{"rendered":"26052018 Jubilum"},"content":{"rendered":"<p>[2018-05-04]<\/p>\n<h2>10-j\u00e4hriges Konfirmationsjubil\u00e4um<\/h2>\n<p><img loading=\"lazy\" decoding=\"async\" class=\"alignleft size-thumbnail wp-image-4317\" src=\"http:\/\/hallein-evangelisch.at\/wp\/wp-content\/uploads\/2018\/04\/Konfirmation_1523266160-150x150.jpg\" alt=\"\" width=\"150\" height=\"150\" srcset=\"https:\/\/hallein-evangelisch.at\/wp\/wp-content\/uploads\/2018\/04\/Konfirmation_1523266160-150x150.jpg 150w, https:\/\/hallein-evangelisch.at\/wp\/wp-content\/uploads\/2018\/04\/Konfirmation_1523266160-80x80.jpg 80w\" sizes=\"auto, (max-width: 150px) 100vw, 150px\" \/>Am 11. Mai 2008 wurden in unserer Kirche Lorenz Auer, Finn Brinckmann, Carmen und Tamara Br\u00fcckner, Christian Hintermann, Jacqueline Maier, Marvin Maier, Dominik Omulec, Dominik Sammer, Tobias Scheicher, Leonie Schindlmeier, Ricarda Stahl, Georg Sucher, Jennifer V\u00f6hringer konfirmiert.<\/p>\n<p>Was hat sich in den vergangenen 10 Jahren ereignet, was ist aus jeder und jedem einzelnen geworden?<\/p>\n<p>Herzliche Einladung zu einem Wiedersehenstreffen am Samstag, 26. Mai, 2018, 18.00 bis 20.00 Uhr<\/p>\n","protected":false},"excerpt":{"rendered":"<div class=\"mh-excerpt\"><p>[2018-05-04] 10-j\u00e4hriges Konfirmationsjubil\u00e4um Am 11. Mai 2008 wurden in unserer Kirche Lorenz Auer, Finn Brinckmann, Carmen und Tamara Br\u00fcckner, Christian Hintermann, Jacqueline Maier, Marvin Maier, Dominik Omulec, Dominik Sammer, Tobias Scheicher, Leonie Schindlmeier, Ricarda Stahl, <a class=\"mh-excerpt-more\" href=\"https:\/\/hallein-evangelisch.at\/wp\/?p=4319\" title=\"26052018 Jubilum\">[&#8230;]<\/a><\/p>\n<\/div>","protected":false},"author":8,"featured_media":4317,"comment_status":"closed","ping_status":"closed","sticky":false,"template":"","format":"standard","meta":{"footnotes":""},"categories":[5],"tags":[],"class_list":{"0":"post-4319","1":"post","2":"type-post","3":"status-publish","4":"format-standard","5":"has-post-thumbnail","7":"category-kinder_jugend"},"_links":{"self":[{"href":"https:\/\/hallein-evangelisch.at\/wp\/index.php?rest_route=\/wp\/v2\/posts\/4319","targetHints":{"allow":["GET"]}}],"collection":[{"href":"https:\/\/hallein-evangelisch.at\/wp\/index.php?rest_route=\/wp\/v2\/posts"}],"about":[{"href":"https:\/\/hallein-evangelisch.at\/wp\/index.php?rest_route=\/wp\/v2\/types\/post"}],"author":[{"embeddable":true,"href":"https:\/\/hallein-evangelisch.at\/wp\/index.php?rest_route=\/wp\/v2\/users\/8"}],"replies":[{"embeddable":true,"href":"https:\/\/hallein-evangelisch.at\/wp\/index.php?rest_route=%2Fwp%2Fv2%2Fcomments&post=4319"}],"version-history":[{"count":2,"href":"https:\/\/hallein-evangelisch.at\/wp\/index.php?rest_route=\/wp\/v2\/posts\/4319\/revisions"}],"predecessor-version":[{"id":4321,"href":"https:\/\/hallein-evangelisch.at\/wp\/index.php?rest_route=\/wp\/v2\/posts\/4319\/revisions\/4321"}],"wp:featuredmedia":[{"embeddable":true,"href":"https:\/\/hallein-evangelisch.at\/wp\/index.php?rest_route=\/wp\/v2\/media\/4317"}],"wp:attachment":[{"href":"https:\/\/hallein-evangelisch.at\/wp\/index.php?rest_route=%2Fwp%2Fv2%2Fmedia&parent=4319"}],"wp:term":[{"taxonomy":"category","embeddable":true,"href":"https:\/\/hallein-evangelisch.at\/wp\/index.php?rest_route=%2Fwp%2Fv2%2Fcategories&post=4319"},{"taxonomy":"post_tag","embeddable":true,"href":"https:\/\/hallein-evangelisch.at\/wp\/index.php?rest_route=%2Fwp%2Fv2%2Ftags&post=4319"}],"curies":[{"name":"wp","href":"https:\/\/api.w.org\/{rel}","templated":true}]}}