{"id":4335,"date":"2018-04-12T07:30:36","date_gmt":"2018-04-12T07:30:36","guid":{"rendered":"http:\/\/hallein-evangelisch.at\/wp\/?p=4335"},"modified":"2018-04-12T07:37:38","modified_gmt":"2018-04-12T07:37:38","slug":"14-04-2018-gegen-verbot","status":"publish","type":"post","link":"https:\/\/hallein-evangelisch.at\/wp\/?p=4335","title":{"rendered":"14042018 Gegen Verbot"},"content":{"rendered":"<p>[2018-04-12]<\/p>\n<p>Am Samstag, 14. April 2018 um 15 Uhr, organisiert die Islamische Religionsgemeinde Salzburg am Areal des Salzburger Hauptbahnhofs eine friedliche Kundgebung gegen das geplante Kopftuchverbot der Bundesregierung. Wie ihr auch sicherlich mitbekommen habt, ist ein Verbot in allen Bildungseinrichtungen sowie im \u00f6ffentlichen Dienst angedacht, was eine erhebliche Diskriminierung bzw. Ausgrenzung kopftuchtragender Frauen zur Folge haben w\u00fcrde. Hiermit lade ich euch und eure Gemeindemitglieder zur Kundgebung am Samstag ein. W\u00fcrde mich \u00fcber eure Teilnahme freuen, da rechtspopulistische Praktiken der gesamten Gesellschaft schaden.<\/p>\n<p>Danke f\u00fcr euer Verst\u00e4ndnis!<\/p>\n<p>Freundliche Gr\u00fc\u00dfe<\/p>\n<p>Ahmet\u00a0Yilmaz<br \/>\nInterreligi\u00f6sen Plattform Hallein<\/p>\n<p><img loading=\"lazy\" decoding=\"async\" class=\"alignleft wp-image-4343 size-large\" src=\"http:\/\/hallein-evangelisch.at\/wp\/wp-content\/uploads\/2018\/04\/Kopftuchverbot-2-724x1024.jpg\" alt=\"\" width=\"550\" height=\"778\" srcset=\"https:\/\/hallein-evangelisch.at\/wp\/wp-content\/uploads\/2018\/04\/Kopftuchverbot-2-724x1024.jpg 724w, https:\/\/hallein-evangelisch.at\/wp\/wp-content\/uploads\/2018\/04\/Kopftuchverbot-2-424x600.jpg 424w, https:\/\/hallein-evangelisch.at\/wp\/wp-content\/uploads\/2018\/04\/Kopftuchverbot-2.jpg 1000w\" sizes=\"auto, (max-width: 550px) 100vw, 550px\" \/><\/p>\n","protected":false},"excerpt":{"rendered":"<div class=\"mh-excerpt\"><p>[2018-04-12] Am Samstag, 14. April 2018 um 15 Uhr, organisiert die Islamische Religionsgemeinde Salzburg am Areal des Salzburger Hauptbahnhofs eine friedliche Kundgebung gegen das geplante Kopftuchverbot der Bundesregierung. Wie ihr auch sicherlich mitbekommen habt, ist <a class=\"mh-excerpt-more\" href=\"https:\/\/hallein-evangelisch.at\/wp\/?p=4335\" title=\"14042018 Gegen Verbot\">[&#8230;]<\/a><\/p>\n<\/div>","protected":false},"author":8,"featured_media":4346,"comment_status":"closed","ping_status":"closed","sticky":false,"template":"","format":"standard","meta":{"footnotes":""},"categories":[1],"tags":[],"class_list":{"0":"post-4335","1":"post","2":"type-post","3":"status-publish","4":"format-standard","5":"has-post-thumbnail","7":"category-allgemein"},"_links":{"self":[{"href":"https:\/\/hallein-evangelisch.at\/wp\/index.php?rest_route=\/wp\/v2\/posts\/4335","targetHints":{"allow":["GET"]}}],"collection":[{"href":"https:\/\/hallein-evangelisch.at\/wp\/index.php?rest_route=\/wp\/v2\/posts"}],"about":[{"href":"https:\/\/hallein-evangelisch.at\/wp\/index.php?rest_route=\/wp\/v2\/types\/post"}],"author":[{"embeddable":true,"href":"https:\/\/hallein-evangelisch.at\/wp\/index.php?rest_route=\/wp\/v2\/users\/8"}],"replies":[{"embeddable":true,"href":"https:\/\/hallein-evangelisch.at\/wp\/index.php?rest_route=%2Fwp%2Fv2%2Fcomments&post=4335"}],"version-history":[{"count":4,"href":"https:\/\/hallein-evangelisch.at\/wp\/index.php?rest_route=\/wp\/v2\/posts\/4335\/revisions"}],"predecessor-version":[{"id":4345,"href":"https:\/\/hallein-evangelisch.at\/wp\/index.php?rest_route=\/wp\/v2\/posts\/4335\/revisions\/4345"}],"wp:featuredmedia":[{"embeddable":true,"href":"https:\/\/hallein-evangelisch.at\/wp\/index.php?rest_route=\/wp\/v2\/media\/4346"}],"wp:attachment":[{"href":"https:\/\/hallein-evangelisch.at\/wp\/index.php?rest_route=%2Fwp%2Fv2%2Fmedia&parent=4335"}],"wp:term":[{"taxonomy":"category","embeddable":true,"href":"https:\/\/hallein-evangelisch.at\/wp\/index.php?rest_route=%2Fwp%2Fv2%2Fcategories&post=4335"},{"taxonomy":"post_tag","embeddable":true,"href":"https:\/\/hallein-evangelisch.at\/wp\/index.php?rest_route=%2Fwp%2Fv2%2Ftags&post=4335"}],"curies":[{"name":"wp","href":"https:\/\/api.w.org\/{rel}","templated":true}]}}