{"id":4396,"date":"2018-05-07T09:56:54","date_gmt":"2018-05-07T09:56:54","guid":{"rendered":"http:\/\/hallein-evangelisch.at\/wp\/?p=4396"},"modified":"2018-05-07T10:00:18","modified_gmt":"2018-05-07T10:00:18","slug":"27-05-2018-jung-und-alt","status":"publish","type":"post","link":"https:\/\/hallein-evangelisch.at\/wp\/?p=4396","title":{"rendered":"27052018 Jung und Alt"},"content":{"rendered":"<p>[2018-05-07]<\/p>\n<p>Der &#8222;Gottesdienst f\u00fcr Jung und Alt&#8220; am Sonntag, 27. Mai 2018 09:30 Uhr in der Evangelischen Kirche Hallein wird ganz besonders musikalisch gestaltet: Vor kurzem ist ein neues Chorbuch zum Evangelischen Gesangbuch erschienen, dessen musikalische Vielfalt in diesem Gottesdienst zum ersten Mal zum Einsatz kommen wird. Bekannte Lieder erklingen in neuen S\u00e4tzen, Gemeinde und Chor wirken zusammen in einer mitrei\u00dfenden Vielfalt, in der niemand nur Zuh\u00f6rer ist.<\/p>\n<p>Neben dem Chor der Evangelischen Kirche Hallein gestalten diesen Gottesdienst musikalisch Stephan Pollhammer (Orgel) und Eberhard Staiger (Violine).<\/p>\n<h2>S\u00e4ngerinnen und S\u00e4nger gesucht!<\/h2>\n<p>An dieser Stelle wiederhole ich meine herzliche Einladung, im Chor der Evangelischen Kirche Hallein mitzusingen. Wenn es dieser Gemeinde wichtig ist, dass sie einen Chor hat, der so viel sch\u00f6ne Musik beitr\u00e4gt wie in den letzten Jahren, wird das nur m\u00f6glich sein, wenn neue S\u00e4nger\/innen hinzukommen.<\/p>\n<p>Derzeit w\u00e4ren tiefe M\u00e4nnerstimmen (B\u00e4sse) am gefragtesten \u2026<\/p>\n<p>Proben in der Regel am Donnerstag um 19.45 Uhr.<\/p>\n<p>Informationen jederzeit bei: Peter Pr\u00f6glh\u00f6f, Tel. 0699\/188 77 503 peter.proeglhoef@evang.at<\/p>\n","protected":false},"excerpt":{"rendered":"<div class=\"mh-excerpt\"><p>[2018-05-07] Der &#8222;Gottesdienst f\u00fcr Jung und Alt&#8220; am Sonntag, 27. Mai 2018 09:30 Uhr in der Evangelischen Kirche Hallein wird ganz besonders musikalisch gestaltet: Vor kurzem ist ein neues Chorbuch zum Evangelischen Gesangbuch erschienen, dessen <a class=\"mh-excerpt-more\" href=\"https:\/\/hallein-evangelisch.at\/wp\/?p=4396\" title=\"27052018 Jung und Alt\">[&#8230;]<\/a><\/p>\n<\/div>","protected":false},"author":8,"featured_media":4399,"comment_status":"closed","ping_status":"closed","sticky":false,"template":"","format":"standard","meta":{"footnotes":""},"categories":[1],"tags":[],"class_list":{"0":"post-4396","1":"post","2":"type-post","3":"status-publish","4":"format-standard","5":"has-post-thumbnail","7":"category-allgemein"},"_links":{"self":[{"href":"https:\/\/hallein-evangelisch.at\/wp\/index.php?rest_route=\/wp\/v2\/posts\/4396","targetHints":{"allow":["GET"]}}],"collection":[{"href":"https:\/\/hallein-evangelisch.at\/wp\/index.php?rest_route=\/wp\/v2\/posts"}],"about":[{"href":"https:\/\/hallein-evangelisch.at\/wp\/index.php?rest_route=\/wp\/v2\/types\/post"}],"author":[{"embeddable":true,"href":"https:\/\/hallein-evangelisch.at\/wp\/index.php?rest_route=\/wp\/v2\/users\/8"}],"replies":[{"embeddable":true,"href":"https:\/\/hallein-evangelisch.at\/wp\/index.php?rest_route=%2Fwp%2Fv2%2Fcomments&post=4396"}],"version-history":[{"count":4,"href":"https:\/\/hallein-evangelisch.at\/wp\/index.php?rest_route=\/wp\/v2\/posts\/4396\/revisions"}],"predecessor-version":[{"id":4401,"href":"https:\/\/hallein-evangelisch.at\/wp\/index.php?rest_route=\/wp\/v2\/posts\/4396\/revisions\/4401"}],"wp:featuredmedia":[{"embeddable":true,"href":"https:\/\/hallein-evangelisch.at\/wp\/index.php?rest_route=\/wp\/v2\/media\/4399"}],"wp:attachment":[{"href":"https:\/\/hallein-evangelisch.at\/wp\/index.php?rest_route=%2Fwp%2Fv2%2Fmedia&parent=4396"}],"wp:term":[{"taxonomy":"category","embeddable":true,"href":"https:\/\/hallein-evangelisch.at\/wp\/index.php?rest_route=%2Fwp%2Fv2%2Fcategories&post=4396"},{"taxonomy":"post_tag","embeddable":true,"href":"https:\/\/hallein-evangelisch.at\/wp\/index.php?rest_route=%2Fwp%2Fv2%2Ftags&post=4396"}],"curies":[{"name":"wp","href":"https:\/\/api.w.org\/{rel}","templated":true}]}}