{"id":4417,"date":"2018-05-11T15:17:25","date_gmt":"2018-05-11T15:17:25","guid":{"rendered":"http:\/\/hallein-evangelisch.at\/wp\/?p=4417"},"modified":"2018-05-11T15:17:25","modified_gmt":"2018-05-11T15:17:25","slug":"bildungsreise-2018","status":"publish","type":"post","link":"https:\/\/hallein-evangelisch.at\/wp\/?p=4417","title":{"rendered":"Bildungsreise 2018"},"content":{"rendered":"<p>[2018-05-11]<\/p>\n<p>Vom 15. bis 21. Juli 2018 fahren wir zum 11. Mal auf Bildungsreise \u201eAuf den\u00a0Spuren der Reformation\u201c, dieses Jahr an den westlichen Bodensee (Konstanz,\u00a0Meersburg, \u00dcberlingen, Reichenaukl\u00f6ster, Rottweil) und in die Schweiz (Z\u00fcrich,\u00a0Schaffhausen).<\/p>\n<p>F\u00fcr evtl. freie Pl\u00e4tze gerne im Pfarramt melden!<\/p>\n","protected":false},"excerpt":{"rendered":"<div class=\"mh-excerpt\"><p>[2018-05-11] Vom 15. bis 21. Juli 2018 fahren wir zum 11. Mal auf Bildungsreise \u201eAuf den\u00a0Spuren der Reformation\u201c, dieses Jahr an den westlichen Bodensee (Konstanz,\u00a0Meersburg, \u00dcberlingen, Reichenaukl\u00f6ster, Rottweil) und in die Schweiz (Z\u00fcrich,\u00a0Schaffhausen). F\u00fcr evtl. <a class=\"mh-excerpt-more\" href=\"https:\/\/hallein-evangelisch.at\/wp\/?p=4417\" title=\"Bildungsreise 2018\">[&#8230;]<\/a><\/p>\n<\/div>","protected":false},"author":8,"featured_media":4418,"comment_status":"closed","ping_status":"closed","sticky":false,"template":"","format":"standard","meta":{"footnotes":""},"categories":[1],"tags":[],"class_list":{"0":"post-4417","1":"post","2":"type-post","3":"status-publish","4":"format-standard","5":"has-post-thumbnail","7":"category-allgemein"},"_links":{"self":[{"href":"https:\/\/hallein-evangelisch.at\/wp\/index.php?rest_route=\/wp\/v2\/posts\/4417","targetHints":{"allow":["GET"]}}],"collection":[{"href":"https:\/\/hallein-evangelisch.at\/wp\/index.php?rest_route=\/wp\/v2\/posts"}],"about":[{"href":"https:\/\/hallein-evangelisch.at\/wp\/index.php?rest_route=\/wp\/v2\/types\/post"}],"author":[{"embeddable":true,"href":"https:\/\/hallein-evangelisch.at\/wp\/index.php?rest_route=\/wp\/v2\/users\/8"}],"replies":[{"embeddable":true,"href":"https:\/\/hallein-evangelisch.at\/wp\/index.php?rest_route=%2Fwp%2Fv2%2Fcomments&post=4417"}],"version-history":[{"count":1,"href":"https:\/\/hallein-evangelisch.at\/wp\/index.php?rest_route=\/wp\/v2\/posts\/4417\/revisions"}],"predecessor-version":[{"id":4419,"href":"https:\/\/hallein-evangelisch.at\/wp\/index.php?rest_route=\/wp\/v2\/posts\/4417\/revisions\/4419"}],"wp:featuredmedia":[{"embeddable":true,"href":"https:\/\/hallein-evangelisch.at\/wp\/index.php?rest_route=\/wp\/v2\/media\/4418"}],"wp:attachment":[{"href":"https:\/\/hallein-evangelisch.at\/wp\/index.php?rest_route=%2Fwp%2Fv2%2Fmedia&parent=4417"}],"wp:term":[{"taxonomy":"category","embeddable":true,"href":"https:\/\/hallein-evangelisch.at\/wp\/index.php?rest_route=%2Fwp%2Fv2%2Fcategories&post=4417"},{"taxonomy":"post_tag","embeddable":true,"href":"https:\/\/hallein-evangelisch.at\/wp\/index.php?rest_route=%2Fwp%2Fv2%2Ftags&post=4417"}],"curies":[{"name":"wp","href":"https:\/\/api.w.org\/{rel}","templated":true}]}}