{"id":4960,"date":"2018-09-14T12:13:42","date_gmt":"2018-09-14T10:13:42","guid":{"rendered":"http:\/\/hallein-evangelisch.at\/wp\/?p=4960"},"modified":"2018-12-09T23:41:53","modified_gmt":"2018-12-09T22:41:53","slug":"und-vergib-uns-unseren-geiz","status":"publish","type":"post","link":"https:\/\/hallein-evangelisch.at\/wp\/?p=4960","title":{"rendered":"&#8230; und vergib uns unseren Geiz"},"content":{"rendered":"<p>[2018-09-14]<\/p>\n<p>\u201eUnser t\u00e4glich Brot aufbacke uns heute \u2013 und vergib uns unseren Geiz\u201c<\/p>\n<p><img loading=\"lazy\" decoding=\"async\" class=\"alignleft wp-image-4963\" src=\"http:\/\/hallein-evangelisch.at\/wp\/wp-content\/uploads\/2018\/09\/brot1.jpg\" alt=\"\" width=\"300\" height=\"169\" srcset=\"https:\/\/hallein-evangelisch.at\/wp\/wp-content\/uploads\/2018\/09\/brot1.jpg 746w, https:\/\/hallein-evangelisch.at\/wp\/wp-content\/uploads\/2018\/09\/brot1-600x338.jpg 600w, https:\/\/hallein-evangelisch.at\/wp\/wp-content\/uploads\/2018\/09\/brot1-678x381.jpg 678w\" sizes=\"auto, (max-width: 300px) 100vw, 300px\" \/>So w\u00fcrden einige Zeitgenossen angesichts der momentanen Entwicklungen auf dem B\u00e4ckermarkt das \u201eVater Unser\u201c gerne formulieren.<br \/>\nDie Erzeugung von Brot als wichtigstes Nahrungsmittel der Menschen, liegt heute gro\u00dfteils in der Hand von riesigen Industriekonzernen. T\u00e4glich wird Brot und Geb\u00e4ck frisch aufgebacken in diversen Superm\u00e4rkten angeboten, bis in<\/p>\n<p>die sp\u00e4ten Abendstunden. Und das um einen viel g\u00fcnstigeren Preis als in jeder B\u00e4ckerei.<br \/>\nDazu das erfreuliche Bild: Unser Brot liebevoll mit der Hand geknetet und geformt, welches uns die Werbung t\u00e4glich zig Male vermitteln m\u00f6chte &#8211; eine beruhigende Illusion?<\/p>\n<p>In den Regalen finden wir abgepacktes Brot, das bis zu acht Wochen lang frischbleibt: Besondere Enzyme verhindern das Altern des Brots. Die Herstellung des Brotes beginnt nicht mehr in der Backstube, sondern in einem Labor eines\u00a0Biotechnologieunternehmen aus D\u00e4nemark, wo Industrie-Enzyme produziert werden. Diese Enzyme aus Schimmelpilzen sorgen in der Backindustrie daf\u00fcr, dass die Br\u00f6tchen so unglaublich locker werden. Es wird ihnen aber auch nachgesagt, dass sie mitverantwortlich daf\u00fcr sind, dass in den letzten Jahren Allergien, Glutenunvertr\u00e4glichkeit und Z\u00f6liakie vermehrt auftreten.<\/p>\n<p><img loading=\"lazy\" decoding=\"async\" class=\"alignleft wp-image-4962\" src=\"http:\/\/hallein-evangelisch.at\/wp\/wp-content\/uploads\/2018\/09\/brot2.jpg\" alt=\"\" width=\"300\" height=\"170\" srcset=\"https:\/\/hallein-evangelisch.at\/wp\/wp-content\/uploads\/2018\/09\/brot2.jpg 737w, https:\/\/hallein-evangelisch.at\/wp\/wp-content\/uploads\/2018\/09\/brot2-600x339.jpg 600w, https:\/\/hallein-evangelisch.at\/wp\/wp-content\/uploads\/2018\/09\/brot2-678x381.jpg 678w\" sizes=\"auto, (max-width: 300px) 100vw, 300px\" \/>Wir haben wie immer die Wahl: \u201eFrisch gebackenes\u201c Brot aus dem Automaten holen? Oder als Alternative: Das Brot beim B\u00e4cker unseres Vertrauens zu kaufen oder selber backen?<\/p>\n<p>Hat der Artikel Ihre Aufmerksamkeit geweckt?<\/p>\n<p>N\u00e4here Informationen dazu erfahren Sie in meinem Vortrag am Dienstag,\u00a0den <strong>02. Oktober 2018 um 19.30 Uhr<\/strong> und im Anschluss daran wollen wir Sauerteig selbst herstellen und in weiterer Folge am Samstag, den <strong>06. Oktober 2018, 14.00 \u2013 17.30 Uhr<\/strong> auch damit unser Brot selber backen.<\/p>\n<p><em>Christine Frauscher<\/em><\/p>\n","protected":false},"excerpt":{"rendered":"<div class=\"mh-excerpt\"><p>[2018-09-14] \u201eUnser t\u00e4glich Brot aufbacke uns heute \u2013 und vergib uns unseren Geiz\u201c So w\u00fcrden einige Zeitgenossen angesichts der momentanen Entwicklungen auf dem B\u00e4ckermarkt das \u201eVater Unser\u201c gerne formulieren. Die Erzeugung von Brot als wichtigstes <a class=\"mh-excerpt-more\" href=\"https:\/\/hallein-evangelisch.at\/wp\/?p=4960\" title=\"&#8230; und vergib uns unseren Geiz\">[&#8230;]<\/a><\/p>\n<\/div>","protected":false},"author":8,"featured_media":4963,"comment_status":"closed","ping_status":"closed","sticky":false,"template":"","format":"standard","meta":{"footnotes":""},"categories":[4],"tags":[54],"class_list":{"0":"post-4960","1":"post","2":"type-post","3":"status-publish","4":"format-standard","5":"has-post-thumbnail","7":"category-gedanken","8":"tag-geiz"},"_links":{"self":[{"href":"https:\/\/hallein-evangelisch.at\/wp\/index.php?rest_route=\/wp\/v2\/posts\/4960","targetHints":{"allow":["GET"]}}],"collection":[{"href":"https:\/\/hallein-evangelisch.at\/wp\/index.php?rest_route=\/wp\/v2\/posts"}],"about":[{"href":"https:\/\/hallein-evangelisch.at\/wp\/index.php?rest_route=\/wp\/v2\/types\/post"}],"author":[{"embeddable":true,"href":"https:\/\/hallein-evangelisch.at\/wp\/index.php?rest_route=\/wp\/v2\/users\/8"}],"replies":[{"embeddable":true,"href":"https:\/\/hallein-evangelisch.at\/wp\/index.php?rest_route=%2Fwp%2Fv2%2Fcomments&post=4960"}],"version-history":[{"count":5,"href":"https:\/\/hallein-evangelisch.at\/wp\/index.php?rest_route=\/wp\/v2\/posts\/4960\/revisions"}],"predecessor-version":[{"id":5505,"href":"https:\/\/hallein-evangelisch.at\/wp\/index.php?rest_route=\/wp\/v2\/posts\/4960\/revisions\/5505"}],"wp:featuredmedia":[{"embeddable":true,"href":"https:\/\/hallein-evangelisch.at\/wp\/index.php?rest_route=\/wp\/v2\/media\/4963"}],"wp:attachment":[{"href":"https:\/\/hallein-evangelisch.at\/wp\/index.php?rest_route=%2Fwp%2Fv2%2Fmedia&parent=4960"}],"wp:term":[{"taxonomy":"category","embeddable":true,"href":"https:\/\/hallein-evangelisch.at\/wp\/index.php?rest_route=%2Fwp%2Fv2%2Fcategories&post=4960"},{"taxonomy":"post_tag","embeddable":true,"href":"https:\/\/hallein-evangelisch.at\/wp\/index.php?rest_route=%2Fwp%2Fv2%2Ftags&post=4960"}],"curies":[{"name":"wp","href":"https:\/\/api.w.org\/{rel}","templated":true}]}}