{"id":4973,"date":"2018-09-16T00:00:27","date_gmt":"2018-09-15T22:00:27","guid":{"rendered":"http:\/\/hallein-evangelisch.at\/wp\/?p=4973"},"modified":"2018-11-15T22:09:31","modified_gmt":"2018-11-15T21:09:31","slug":"sanierung-abgeschlossen","status":"publish","type":"post","link":"https:\/\/hallein-evangelisch.at\/wp\/?p=4973","title":{"rendered":"Sanierung abgeschlossen"},"content":{"rendered":"<p>[2018-09-15]<\/p>\n<p><img loading=\"lazy\" decoding=\"async\" class=\"alignleft wp-image-4974\" src=\"http:\/\/hallein-evangelisch.at\/wp\/wp-content\/uploads\/2018\/09\/pfarrhaus.jpg\" alt=\"\" width=\"300\" height=\"225\" srcset=\"https:\/\/hallein-evangelisch.at\/wp\/wp-content\/uploads\/2018\/09\/pfarrhaus.jpg 761w, https:\/\/hallein-evangelisch.at\/wp\/wp-content\/uploads\/2018\/09\/pfarrhaus-600x449.jpg 600w, https:\/\/hallein-evangelisch.at\/wp\/wp-content\/uploads\/2018\/09\/pfarrhaus-678x509.jpg 678w, https:\/\/hallein-evangelisch.at\/wp\/wp-content\/uploads\/2018\/09\/pfarrhaus-326x245.jpg 326w, https:\/\/hallein-evangelisch.at\/wp\/wp-content\/uploads\/2018\/09\/pfarrhaus-80x60.jpg 80w\" sizes=\"auto, (max-width: 300px) 100vw, 300px\" \/>Sch\u00f6n sieht\u2019s wieder aus, das Pfarrhaus.\u00a0Die Renovierung ist abgeschlossen und die Fassade\u00a0strahlt in frischem Wei\u00df. Wie notwendig die Sanierung war, zeigt die Tatsache,dass der ganze Putz der Nordseite zu Boden fiel, als die Maurer begannen,schadhafte Stellen abzuklopfen. Neben Spengler- und Elektroarbeiten wurde Traufenschotter aufgesch\u00fcttet, um die Mauern vor N\u00e4sse zu sch\u00fctzen.<\/p>\n<p>Es ist gelungen, das Pfarrhaus f\u00fcr weitere Jahrzehnte in sicherem Zustand zu erhalten.<\/p>\n<p>Wenn Sie unsere Bauma\u00dfnahme noch mit einer Spende unterst\u00fctzen m\u00f6chten, w\u00fcrden wir uns sehr freuen \u2013 und Sie uns sehr helfen!<\/p>\n<p>Herzlichen Dank!<\/p>\n<p><em>F\u00fcr den Bauausschuss Hans Siller<\/em><\/p>\n","protected":false},"excerpt":{"rendered":"<div class=\"mh-excerpt\"><p>[2018-09-15] Sch\u00f6n sieht\u2019s wieder aus, das Pfarrhaus.\u00a0Die Renovierung ist abgeschlossen und die Fassade\u00a0strahlt in frischem Wei\u00df. Wie notwendig die Sanierung war, zeigt die Tatsache,dass der ganze Putz der Nordseite zu Boden fiel, als die Maurer <a class=\"mh-excerpt-more\" href=\"https:\/\/hallein-evangelisch.at\/wp\/?p=4973\" title=\"Sanierung abgeschlossen\">[&#8230;]<\/a><\/p>\n<\/div>","protected":false},"author":8,"featured_media":4974,"comment_status":"closed","ping_status":"closed","sticky":false,"template":"","format":"standard","meta":{"footnotes":""},"categories":[1],"tags":[],"class_list":{"0":"post-4973","1":"post","2":"type-post","3":"status-publish","4":"format-standard","5":"has-post-thumbnail","7":"category-allgemein"},"_links":{"self":[{"href":"https:\/\/hallein-evangelisch.at\/wp\/index.php?rest_route=\/wp\/v2\/posts\/4973","targetHints":{"allow":["GET"]}}],"collection":[{"href":"https:\/\/hallein-evangelisch.at\/wp\/index.php?rest_route=\/wp\/v2\/posts"}],"about":[{"href":"https:\/\/hallein-evangelisch.at\/wp\/index.php?rest_route=\/wp\/v2\/types\/post"}],"author":[{"embeddable":true,"href":"https:\/\/hallein-evangelisch.at\/wp\/index.php?rest_route=\/wp\/v2\/users\/8"}],"replies":[{"embeddable":true,"href":"https:\/\/hallein-evangelisch.at\/wp\/index.php?rest_route=%2Fwp%2Fv2%2Fcomments&post=4973"}],"version-history":[{"count":7,"href":"https:\/\/hallein-evangelisch.at\/wp\/index.php?rest_route=\/wp\/v2\/posts\/4973\/revisions"}],"predecessor-version":[{"id":5506,"href":"https:\/\/hallein-evangelisch.at\/wp\/index.php?rest_route=\/wp\/v2\/posts\/4973\/revisions\/5506"}],"wp:featuredmedia":[{"embeddable":true,"href":"https:\/\/hallein-evangelisch.at\/wp\/index.php?rest_route=\/wp\/v2\/media\/4974"}],"wp:attachment":[{"href":"https:\/\/hallein-evangelisch.at\/wp\/index.php?rest_route=%2Fwp%2Fv2%2Fmedia&parent=4973"}],"wp:term":[{"taxonomy":"category","embeddable":true,"href":"https:\/\/hallein-evangelisch.at\/wp\/index.php?rest_route=%2Fwp%2Fv2%2Fcategories&post=4973"},{"taxonomy":"post_tag","embeddable":true,"href":"https:\/\/hallein-evangelisch.at\/wp\/index.php?rest_route=%2Fwp%2Fv2%2Ftags&post=4973"}],"curies":[{"name":"wp","href":"https:\/\/api.w.org\/{rel}","templated":true}]}}