{"id":4977,"date":"2018-09-18T00:00:43","date_gmt":"2018-09-17T22:00:43","guid":{"rendered":"http:\/\/hallein-evangelisch.at\/wp\/?p=4977"},"modified":"2018-11-15T22:10:01","modified_gmt":"2018-11-15T21:10:01","slug":"krabbelgottesdienst-am-7-oktober-2018","status":"publish","type":"post","link":"https:\/\/hallein-evangelisch.at\/wp\/?p=4977","title":{"rendered":"Krabbelgottesdienst"},"content":{"rendered":"<p>[2018-09-17]<\/p>\n<p>[metaslider id=&#8220;4984&#8243;]<\/p>\n<p>Einmal im Monat,\u00a0am Sonntag nach dem Gottesdienst um ca. 10.45 Uhr,\u00a0wenn die Kirche sch\u00f6n warm ist,\u00a0gibt es einen ganz besonderen Gottesdienst f\u00fcr die J\u00fcngsten unserer Gemeindemitglieder.<br \/>\nGemeinsam mit Pfarrer Peter, Vikar J\u00f6rg, unserem Musik Peter oder anderen Musikern und M\u00fcttern aus der Pfarrgemeinde, d\u00fcrfen die Kinder zwischen 0 und 6 Jahren hier Gottesdienst kennen lernen.<br \/>\nAuf spannende, bewegungsreiche und lustige Weise erleben die Kinder und ihre Familien Gottesdienst in unserer Kirche.<br \/>\nJeder Krabbelgottesdienst ist mit einer Geschichte aus dem Erlebnisbereich der Kinder, einfachen, immer wiederkehrenden Liedern, dem gemeinsamen Teilen leckerer Br\u00f6tchen, einfachen Gebeten und einer Dauer von ca. 30 Minuten genau auf die Bed\u00fcrfnisse junger Kirchenbesucher zugeschnitten.<\/p>\n<p>Lust bekommen dabei zu sein?\u00a0Wir freuen uns auf euch, am Sonntag, den 7. Oktober 2018 um 11 Uhr!<\/p>\n","protected":false},"excerpt":{"rendered":"<div class=\"mh-excerpt\"><p>[2018-09-17] [metaslider id=&#8220;4984&#8243;] Einmal im Monat,\u00a0am Sonntag nach dem Gottesdienst um ca. 10.45 Uhr,\u00a0wenn die Kirche sch\u00f6n warm ist,\u00a0gibt es einen ganz besonderen Gottesdienst f\u00fcr die J\u00fcngsten unserer Gemeindemitglieder. Gemeinsam mit Pfarrer Peter, Vikar J\u00f6rg, <a class=\"mh-excerpt-more\" href=\"https:\/\/hallein-evangelisch.at\/wp\/?p=4977\" title=\"Krabbelgottesdienst\">[&#8230;]<\/a><\/p>\n<\/div>","protected":false},"author":8,"featured_media":4981,"comment_status":"closed","ping_status":"closed","sticky":false,"template":"","format":"standard","meta":{"footnotes":""},"categories":[1],"tags":[],"class_list":{"0":"post-4977","1":"post","2":"type-post","3":"status-publish","4":"format-standard","5":"has-post-thumbnail","7":"category-allgemein"},"_links":{"self":[{"href":"https:\/\/hallein-evangelisch.at\/wp\/index.php?rest_route=\/wp\/v2\/posts\/4977","targetHints":{"allow":["GET"]}}],"collection":[{"href":"https:\/\/hallein-evangelisch.at\/wp\/index.php?rest_route=\/wp\/v2\/posts"}],"about":[{"href":"https:\/\/hallein-evangelisch.at\/wp\/index.php?rest_route=\/wp\/v2\/types\/post"}],"author":[{"embeddable":true,"href":"https:\/\/hallein-evangelisch.at\/wp\/index.php?rest_route=\/wp\/v2\/users\/8"}],"replies":[{"embeddable":true,"href":"https:\/\/hallein-evangelisch.at\/wp\/index.php?rest_route=%2Fwp%2Fv2%2Fcomments&post=4977"}],"version-history":[{"count":6,"href":"https:\/\/hallein-evangelisch.at\/wp\/index.php?rest_route=\/wp\/v2\/posts\/4977\/revisions"}],"predecessor-version":[{"id":5507,"href":"https:\/\/hallein-evangelisch.at\/wp\/index.php?rest_route=\/wp\/v2\/posts\/4977\/revisions\/5507"}],"wp:featuredmedia":[{"embeddable":true,"href":"https:\/\/hallein-evangelisch.at\/wp\/index.php?rest_route=\/wp\/v2\/media\/4981"}],"wp:attachment":[{"href":"https:\/\/hallein-evangelisch.at\/wp\/index.php?rest_route=%2Fwp%2Fv2%2Fmedia&parent=4977"}],"wp:term":[{"taxonomy":"category","embeddable":true,"href":"https:\/\/hallein-evangelisch.at\/wp\/index.php?rest_route=%2Fwp%2Fv2%2Fcategories&post=4977"},{"taxonomy":"post_tag","embeddable":true,"href":"https:\/\/hallein-evangelisch.at\/wp\/index.php?rest_route=%2Fwp%2Fv2%2Ftags&post=4977"}],"curies":[{"name":"wp","href":"https:\/\/api.w.org\/{rel}","templated":true}]}}