{"id":4992,"date":"2018-09-12T00:00:24","date_gmt":"2018-09-11T22:00:24","guid":{"rendered":"http:\/\/hallein-evangelisch.at\/wp\/?p=4992"},"modified":"2022-11-07T12:27:55","modified_gmt":"2022-11-07T11:27:55","slug":"die-konfis-sind-da","status":"publish","type":"post","link":"https:\/\/hallein-evangelisch.at\/wp\/?p=4992","title":{"rendered":"Die Konfis sind da!"},"content":{"rendered":"<p>[2018-09-11]<\/p>\n<h3>Bunt und vielf\u00e4ltig &#8211; die Konfis sind da J !<\/h3>\n<p><img loading=\"lazy\" decoding=\"async\" class=\"alignnone size-full wp-image-4994\" src=\"http:\/\/hallein-evangelisch.at\/wp\/wp-content\/uploads\/2018\/09\/konfis_2018-2019.jpg\" alt=\"\" width=\"893\" height=\"540\" srcset=\"https:\/\/hallein-evangelisch.at\/wp\/wp-content\/uploads\/2018\/09\/konfis_2018-2019.jpg 893w, https:\/\/hallein-evangelisch.at\/wp\/wp-content\/uploads\/2018\/09\/konfis_2018-2019-600x363.jpg 600w\" sizes=\"auto, (max-width: 893px) 100vw, 893px\" \/><\/p>\n<p>Sie kommen aus der Stadt, sie kommen vom Land. Sie kommen von weither, sie wohnen ums Eck. Sie kommen aus dem Gymnasium, sie kommen aus den Neuen Mittelschulen. Sie sind weiblich, sie sind m\u00e4nnlich. Sie sind junge Erwachsene, sie sind noch Kinder. Sie sind sch\u00fcchtern, sie sind cool. Sie sind verunsichert, sie sind interessiert. Sie sind &#8230; bunt und vielf\u00e4ltig.\u00a0Wir hei\u00dfen euch herzlich willkommen und w\u00fcnschen euch eine coole Konfi-Zeit in unserer Pfarrgemeinde.<\/p>\n<h3>Termine f\u00fcr Konfis und Jugendliche<\/h3>\n<ul>\n<li>Konfirmations-Zeit\u00a0(freitags, 15.00 \u2013 17.30): 28.09., 19.10., 09.11., 23.11., 14.12.<\/li>\n<li>Konfirmanden-Elternabend: Mittwoch, 26.09., 19.30 Uhr<\/li>\n<li>Jugendgottesdienst Salzburg-Auferstehungskirche, Freitag, 05.10., 18.00 Uhr<\/li>\n<li>Konfirmations-Klausur in Bad Goisern: 12.-15.10.<\/li>\n<\/ul>\n","protected":false},"excerpt":{"rendered":"<div class=\"mh-excerpt\"><p>[2018-09-11] Bunt und vielf\u00e4ltig &#8211; die Konfis sind da J ! Sie kommen aus der Stadt, sie kommen vom Land. Sie kommen von weither, sie wohnen ums Eck. Sie kommen aus dem Gymnasium, sie kommen <a class=\"mh-excerpt-more\" href=\"https:\/\/hallein-evangelisch.at\/wp\/?p=4992\" title=\"Die Konfis sind da!\">[&#8230;]<\/a><\/p>\n<\/div>","protected":false},"author":8,"featured_media":4994,"comment_status":"closed","ping_status":"closed","sticky":false,"template":"","format":"standard","meta":{"footnotes":""},"categories":[5,97],"tags":[],"class_list":{"0":"post-4992","1":"post","2":"type-post","3":"status-publish","4":"format-standard","5":"has-post-thumbnail","7":"category-kinder_jugend","8":"category-konfirmationszeit"},"_links":{"self":[{"href":"https:\/\/hallein-evangelisch.at\/wp\/index.php?rest_route=\/wp\/v2\/posts\/4992","targetHints":{"allow":["GET"]}}],"collection":[{"href":"https:\/\/hallein-evangelisch.at\/wp\/index.php?rest_route=\/wp\/v2\/posts"}],"about":[{"href":"https:\/\/hallein-evangelisch.at\/wp\/index.php?rest_route=\/wp\/v2\/types\/post"}],"author":[{"embeddable":true,"href":"https:\/\/hallein-evangelisch.at\/wp\/index.php?rest_route=\/wp\/v2\/users\/8"}],"replies":[{"embeddable":true,"href":"https:\/\/hallein-evangelisch.at\/wp\/index.php?rest_route=%2Fwp%2Fv2%2Fcomments&post=4992"}],"version-history":[{"count":5,"href":"https:\/\/hallein-evangelisch.at\/wp\/index.php?rest_route=\/wp\/v2\/posts\/4992\/revisions"}],"predecessor-version":[{"id":11926,"href":"https:\/\/hallein-evangelisch.at\/wp\/index.php?rest_route=\/wp\/v2\/posts\/4992\/revisions\/11926"}],"wp:featuredmedia":[{"embeddable":true,"href":"https:\/\/hallein-evangelisch.at\/wp\/index.php?rest_route=\/wp\/v2\/media\/4994"}],"wp:attachment":[{"href":"https:\/\/hallein-evangelisch.at\/wp\/index.php?rest_route=%2Fwp%2Fv2%2Fmedia&parent=4992"}],"wp:term":[{"taxonomy":"category","embeddable":true,"href":"https:\/\/hallein-evangelisch.at\/wp\/index.php?rest_route=%2Fwp%2Fv2%2Fcategories&post=4992"},{"taxonomy":"post_tag","embeddable":true,"href":"https:\/\/hallein-evangelisch.at\/wp\/index.php?rest_route=%2Fwp%2Fv2%2Ftags&post=4992"}],"curies":[{"name":"wp","href":"https:\/\/api.w.org\/{rel}","templated":true}]}}