{"id":5134,"date":"2018-09-23T14:32:11","date_gmt":"2018-09-23T12:32:11","guid":{"rendered":"http:\/\/hallein-evangelisch.at\/wp\/?p=5134"},"modified":"2018-09-23T14:33:21","modified_gmt":"2018-09-23T12:33:21","slug":"kindersammlung-2018","status":"publish","type":"post","link":"https:\/\/hallein-evangelisch.at\/wp\/?p=5134","title":{"rendered":"Kindersammlung 2018"},"content":{"rendered":"<p>[2018-09-23]<\/p>\n<h3>Beim Bl\u00e4ttern in den (inneren) Bildern meiner Kindheit&#8230;<\/h3>\n<p>Heizung \u2013 Dach \u2013 Einbruchsschaden \u2013 stets wird eine Reparatur notwendig und fallen damit entsprechende Kosten an. F\u00fcr eine (junge) Pfarrgemeinde, diefinanziell alles andere als \u201erosig\u201c dasteht, bedeutet das immer wieder bangesNachdenken, Rechnen, immer wieder sich sorgen und die Fragen Wovon sollen wir das bezahlen? Wie soll sich das ausgehen? An innovatives Gestalten ist ohnehin gar nicht zu denken \u2013 das hei\u00dft &#8211; denken JA, umsetzen leider NEIN.<\/p>\n<p>Das Beschriebene ist \u2013 Gott sei Dank \u2013 ein St\u00fcck Vergangenheit. Inzwischen ist die Zeit der wirtschaftlichen Existenznot \u00fcberwunden; dennoch bleibt (bei mir) eine pr\u00e4gende Erinnerung. Damit untrennbar verbunden ist f\u00fcr mich aber auch die best\u00e4ndige Hilfe des Gustav Adolf Vereins. Immer wieder leuchtet in den sorgenvollen Phasen dieses Licht herein, das der Not die Spitze nimmt und Platz f\u00fcr neue Zuversicht schafft. Der Zusammenhalt der Menschen, die sich individuell, unb\u00fcrokratisch und wie selbstverst\u00e4ndlich einbringen, ist durch nichts zu ersetzen. Durch das Wirken des Gustav Adolf Vereins aber erf\u00e4hrt dieses Tun wert-volle Unterst\u00fctzung. Wenn ich heute GAV h\u00f6re oder lese, entstehen in mir unmittelbar diese &#8211; (inneren) Bilder meiner Kindheit und das Gef\u00fchl der Dankbarkeit.<\/p>\n<p><em>Bettina Pann<\/em><\/p>\n<p>Ganz herzlich bedanken wir uns bei allen, die im vergangenen Jahr etwas zur Gustav-Adolf-Sammlung beigetragen haben! Auch heuer bitten wir Sie wieder herzlich, die Arbeit des Gustav-Adolf-Vereines zu unterst\u00fctzen.<\/p>\n<p>Um Kosten und Arbeit zu sparen, legen wir allerdings keinen Erlagschein bei,sondern bitte Sie bei Ihrer Bankfiliale oder per online-Banking Ihre Spende direktauf das Konto der Evang. Pfarrgemeinde Hallein, Vermerk \u201eGAV-Sammlung\u201c einzuzahlen:<\/p>\n<p><strong>IBAN AT062040406009019290 <\/strong><br \/>\n<strong>BIC SBGSAT2S<\/strong><\/p>\n<h3>Gustav-Adolf-Sammlung 2018 f\u00fcr den Kindergarten der Matth\u00e4uskirche Salzburg<\/h3>\n<p><img loading=\"lazy\" decoding=\"async\" class=\"alignleft size-full wp-image-5136\" src=\"http:\/\/hallein-evangelisch.at\/wp\/wp-content\/uploads\/2018\/09\/gav_2018.jpg\" alt=\"\" width=\"766\" height=\"495\" srcset=\"https:\/\/hallein-evangelisch.at\/wp\/wp-content\/uploads\/2018\/09\/gav_2018.jpg 766w, https:\/\/hallein-evangelisch.at\/wp\/wp-content\/uploads\/2018\/09\/gav_2018-600x388.jpg 600w\" sizes=\"auto, (max-width: 766px) 100vw, 766px\" \/>Liebe evangelische Christinnen und Christen!<\/p>\n<p>Die Sammlung des Gustav-Adolf-Vereins im Herbst 2018 ist f\u00fcr die\u00a0Pfarrgemeinde Salzburg Matth\u00e4uskirche bestimmt. Die Pfarrgemeinde ist Tr\u00e4gerin eines evangelischen Kindergartens in Salzburg und Tirol. Der Kindergarten soll um eine Krabbelgruppe erweitert werden. Gleichzeitig erfolgt eine Sanierung des Gemeindehauses und eine Erweiterung der Gemeinder\u00e4ume und der Wohnungen. Die Kosten des Gesamtprojektes betragen etwa 1,5 Mill. Euro.<\/p>\n<h4>Kindergarten und Gemeindezentrum<\/h4>\n<p>Der evangelische Kindergarten wurde 1969 gleichzeitig mit der Matth\u00e4uskirche f\u00fcr die vielen evangelischen Fl\u00fcchtlinge im Stadtteil Taxham gebaut. 1994 wurde der Kindergarten zu einem Gemeindezentrum f\u00fcr die selbstst\u00e4ndig gewordene Pfarrgemeinde \u201eSalzburg West\u201c erweitert.<\/p>\n<p>Die Pfarrgemeinde teilt den Gemeindesaal, den Besprechungsraum, den Jugendkeller, die Toiletten und die K\u00fcche mit dem Evangelischen Kindergarten, bestehend aus einer Gruppe von 25 Kindern und 3 P\u00e4dagoginnen.<\/p>\n<h4>Gemeinsame Nutzung von R\u00e4umen<\/h4>\n<p>Da der Kindergarten den Gemeindesaal t\u00e4glich als Bewegungsraum und Schlafraum ben\u00f6tigt, steht er der Pfarrgemeinde nur eingeschr\u00e4nkt zur Verf\u00fcgung.Was theoretisch nach sehr effizient klingt, ist in der Praxis eine Zumutung. Diegemeinsame Nutzung aller R\u00e4ume erfordert nicht nur eine gute Termin-Planung, sondern auch einen hohen organisatorischen Aufwand f\u00fcr den Auf- und Abbau von Tischen und Bestuhlung, sowie<\/p>\n<p>der Betten f\u00fcr die Kinder. Trotz guter Organisation und Planung kommt es h\u00e4ufig zu \u00dcberschneidungen und Terminkollisionen, die f\u00fcr einen guten Ablauf des Betriebes hinderlich sind. Oft m\u00fcssen Kinder aus dem Schlaf gerissen werden, damit die Betten wegger\u00e4umt und Tische und Sessel aufgestellt werden k\u00f6nnen f\u00fcr eine Gemeindeveranstaltung.<\/p>\n<p>Auch bei der Benutzung des Besprechungsraumes sind wir an ein Limit gekommen. Der Besprechungsraum ist Arbeitsstelle f\u00fcr 2 Pfarrer und eine Diakoniebeauftragte, nur dem Sekretariat steht ein kleines B\u00fcro zur Verf\u00fcgung. In diesem Raum\u00a0finden derzeit seelsorgerliche und Kasualgespr\u00e4che der Pfarrer, Gespr\u00e4cheder Diakoniebeauftragten, Dienstbesprechungen, Sitzungen des Presbyteriums,und in den Wintermonaten Vorbereitungen f\u00fcr den Konfirmandenkurs und dieTeambesprechungen der Jugend statt. Dazu braucht die Kindergartenleitung regelm\u00e4\u00dfig den Raum f\u00fcr Gespr\u00e4che und Nachbesprechungen mit Praktikantinnen und Sch\u00fclerinnen der Kindergartenp\u00e4dagogik.<\/p>\n<p>Die Benutzung der kleinen K\u00fcche erfordert ebenfalls Jonglierk\u00fcnste, wenn z.B. f\u00fcr den Kindergarten Nachmittagsjause und gleichzeitig der Kirchenkaffee f\u00fcr Senioren- und Geburtstagstreffen vorbereitet werden muss.<\/p>\n<h4>Erweiterung des Gemeindezentrums<\/h4>\n<p>Im Jahr 2016 beschloss die Gemeindevertretung eine Erweiterung des Gemeindezentrums. Erstes Ziel war, den Betrieb von Kindergarten undPfarrgemeinde zu entflechten, dem Kindergarten einen eigenen Bewegungsraumzu schaffen, sowie die Infrastruktur (K\u00fcchen, Toiletten, Abstellr\u00e4ume) zu erweitern und zu verbessern. Der Gemeindesaal soll ganzt\u00e4gig f\u00fcr Veranstaltungen der Pfarrgemeinde zur Verf\u00fcgung stehen, f\u00fcr die Pfarrer und Mitarbeiter soll ein weiterer Raum als B\u00fcro geschaffen werden. Im OG soll die Pfarrerwohnung gem\u00e4\u00df den Vorgaben der Kirchenleitung adaptiert werden. Die Gar\u00e7onni\u00e8ren sollen zu 2-3 Zimmerwohnungen umgebaut werden.<\/p>\n<p>Die Stadt Salzburg trat mit der Anfrage an uns heran, den Kindergarten zuerweitern und\/oder eine Krabbelgruppe zu er\u00f6ffnen, da in der n\u00e4heren Umgebungein erh\u00f6hter Bedarf an Betreuungspl\u00e4tzen besteht. Da die Neuerrichtung und der Betrieb gef\u00f6rdert werden, sichert die Erweiterung um eine Krabbelgruppe auch den Fortbestand des Kindergartens.<\/p>\n<p>Im Zuge des Umbaus soll auch der Zugang zum Gemeindezentrum barrierefrei und behindertengerecht gestaltet werden.<\/p>\n<p>Auch wenn die Pfarrgemeinde Salzburg Matth\u00e4uskirche einen gro\u00dfen Teil der Kosten aus eigener Kraft stemmen wird und F\u00f6rderungen von Land und Stadt Salzburg erh\u00e4lt, sind wir auf die Hilfe des Gustav-Adolf-Vereins angewiesen und rechnen mit der Hilfsbereitschaft aller evangelischen Schwestern und Br\u00fcder. Wir danken f\u00fcr Ihre Gro\u00dfz\u00fcgigkeit und sagen \u201eVergelt\u2019s Gott\u201c.<\/p>\n<p><em>Im Namen des Gustav-Adolf-Vereins, Obmann Pfr. Mag. Michael Welther<\/em><\/p>\n","protected":false},"excerpt":{"rendered":"<div class=\"mh-excerpt\"><p>[2018-09-23] Beim Bl\u00e4ttern in den (inneren) Bildern meiner Kindheit&#8230; Heizung \u2013 Dach \u2013 Einbruchsschaden \u2013 stets wird eine Reparatur notwendig und fallen damit entsprechende Kosten an. F\u00fcr eine (junge) Pfarrgemeinde, diefinanziell alles andere als \u201erosig\u201c <a class=\"mh-excerpt-more\" href=\"https:\/\/hallein-evangelisch.at\/wp\/?p=5134\" title=\"Kindersammlung 2018\">[&#8230;]<\/a><\/p>\n<\/div>","protected":false},"author":8,"featured_media":5136,"comment_status":"closed","ping_status":"closed","sticky":false,"template":"","format":"standard","meta":{"footnotes":""},"categories":[1],"tags":[],"class_list":{"0":"post-5134","1":"post","2":"type-post","3":"status-publish","4":"format-standard","5":"has-post-thumbnail","7":"category-allgemein"},"_links":{"self":[{"href":"https:\/\/hallein-evangelisch.at\/wp\/index.php?rest_route=\/wp\/v2\/posts\/5134","targetHints":{"allow":["GET"]}}],"collection":[{"href":"https:\/\/hallein-evangelisch.at\/wp\/index.php?rest_route=\/wp\/v2\/posts"}],"about":[{"href":"https:\/\/hallein-evangelisch.at\/wp\/index.php?rest_route=\/wp\/v2\/types\/post"}],"author":[{"embeddable":true,"href":"https:\/\/hallein-evangelisch.at\/wp\/index.php?rest_route=\/wp\/v2\/users\/8"}],"replies":[{"embeddable":true,"href":"https:\/\/hallein-evangelisch.at\/wp\/index.php?rest_route=%2Fwp%2Fv2%2Fcomments&post=5134"}],"version-history":[{"count":3,"href":"https:\/\/hallein-evangelisch.at\/wp\/index.php?rest_route=\/wp\/v2\/posts\/5134\/revisions"}],"predecessor-version":[{"id":5139,"href":"https:\/\/hallein-evangelisch.at\/wp\/index.php?rest_route=\/wp\/v2\/posts\/5134\/revisions\/5139"}],"wp:featuredmedia":[{"embeddable":true,"href":"https:\/\/hallein-evangelisch.at\/wp\/index.php?rest_route=\/wp\/v2\/media\/5136"}],"wp:attachment":[{"href":"https:\/\/hallein-evangelisch.at\/wp\/index.php?rest_route=%2Fwp%2Fv2%2Fmedia&parent=5134"}],"wp:term":[{"taxonomy":"category","embeddable":true,"href":"https:\/\/hallein-evangelisch.at\/wp\/index.php?rest_route=%2Fwp%2Fv2%2Fcategories&post=5134"},{"taxonomy":"post_tag","embeddable":true,"href":"https:\/\/hallein-evangelisch.at\/wp\/index.php?rest_route=%2Fwp%2Fv2%2Ftags&post=5134"}],"curies":[{"name":"wp","href":"https:\/\/api.w.org\/{rel}","templated":true}]}}