{"id":5256,"date":"2018-09-30T18:53:04","date_gmt":"2018-09-30T16:53:04","guid":{"rendered":"http:\/\/hallein-evangelisch.at\/wp\/?p=5256"},"modified":"2018-10-07T23:18:58","modified_gmt":"2018-10-07T21:18:58","slug":"einfuehrung-30-9-2018","status":"publish","type":"post","link":"https:\/\/hallein-evangelisch.at\/wp\/?p=5256","title":{"rendered":"Einf\u00fchrung in Bildern"},"content":{"rendered":"<p>[2018-09-30]<\/p>\n<p>Bilder von der Einf\u00fchrung der neuen Gemeindevertreterinnen und Gemeindevertreter sowie von der Neueinf\u00fchrung von Pfarrer Dr. Peter Gabriel am 30. September 2018 im Rahmen des Erntedank-Gottesdienstes.<\/p>\n<p>Leider k\u00f6nnen wir etliche Bilder nicht zeigen, da aufgrund der neuen Datenschutzbestimmungen von allen Personen, die am Bild sind, eine Zustimmung zur Ver\u00f6ffentlichung vorliegen muss.<\/p>\n<p>[metaslider id=&#8220;5339&#8243;]<\/p>\n<p><em>Bilder: Helmut Meisl<\/em><\/p>\n","protected":false},"excerpt":{"rendered":"<div class=\"mh-excerpt\"><p>[2018-09-30] Bilder von der Einf\u00fchrung der neuen Gemeindevertreterinnen und Gemeindevertreter sowie von der Neueinf\u00fchrung von Pfarrer Dr. Peter Gabriel am 30. September 2018 im Rahmen des Erntedank-Gottesdienstes. Leider k\u00f6nnen wir etliche Bilder nicht zeigen, da <a class=\"mh-excerpt-more\" href=\"https:\/\/hallein-evangelisch.at\/wp\/?p=5256\" title=\"Einf\u00fchrung in Bildern\">[&#8230;]<\/a><\/p>\n<\/div>","protected":false},"author":8,"featured_media":5284,"comment_status":"closed","ping_status":"closed","sticky":false,"template":"","format":"standard","meta":{"footnotes":""},"categories":[1],"tags":[],"class_list":{"0":"post-5256","1":"post","2":"type-post","3":"status-publish","4":"format-standard","5":"has-post-thumbnail","7":"category-allgemein"},"_links":{"self":[{"href":"https:\/\/hallein-evangelisch.at\/wp\/index.php?rest_route=\/wp\/v2\/posts\/5256","targetHints":{"allow":["GET"]}}],"collection":[{"href":"https:\/\/hallein-evangelisch.at\/wp\/index.php?rest_route=\/wp\/v2\/posts"}],"about":[{"href":"https:\/\/hallein-evangelisch.at\/wp\/index.php?rest_route=\/wp\/v2\/types\/post"}],"author":[{"embeddable":true,"href":"https:\/\/hallein-evangelisch.at\/wp\/index.php?rest_route=\/wp\/v2\/users\/8"}],"replies":[{"embeddable":true,"href":"https:\/\/hallein-evangelisch.at\/wp\/index.php?rest_route=%2Fwp%2Fv2%2Fcomments&post=5256"}],"version-history":[{"count":6,"href":"https:\/\/hallein-evangelisch.at\/wp\/index.php?rest_route=\/wp\/v2\/posts\/5256\/revisions"}],"predecessor-version":[{"id":5403,"href":"https:\/\/hallein-evangelisch.at\/wp\/index.php?rest_route=\/wp\/v2\/posts\/5256\/revisions\/5403"}],"wp:featuredmedia":[{"embeddable":true,"href":"https:\/\/hallein-evangelisch.at\/wp\/index.php?rest_route=\/wp\/v2\/media\/5284"}],"wp:attachment":[{"href":"https:\/\/hallein-evangelisch.at\/wp\/index.php?rest_route=%2Fwp%2Fv2%2Fmedia&parent=5256"}],"wp:term":[{"taxonomy":"category","embeddable":true,"href":"https:\/\/hallein-evangelisch.at\/wp\/index.php?rest_route=%2Fwp%2Fv2%2Fcategories&post=5256"},{"taxonomy":"post_tag","embeddable":true,"href":"https:\/\/hallein-evangelisch.at\/wp\/index.php?rest_route=%2Fwp%2Fv2%2Ftags&post=5256"}],"curies":[{"name":"wp","href":"https:\/\/api.w.org\/{rel}","templated":true}]}}