{"id":5381,"date":"2018-10-01T18:01:39","date_gmt":"2018-10-01T16:01:39","guid":{"rendered":"http:\/\/hallein-evangelisch.at\/wp\/?p=5381"},"modified":"2018-10-01T18:08:46","modified_gmt":"2018-10-01T16:08:46","slug":"sprachtraining-fuer-fluechtlinge","status":"publish","type":"post","link":"https:\/\/hallein-evangelisch.at\/wp\/?p=5381","title":{"rendered":"Sprachtraining f\u00fcr Fl\u00fcchtlinge"},"content":{"rendered":"<p>[2018-10-01]<\/p>\n<div class=\"page\" title=\"Page 2\">\n<div class=\"layoutArea\">\n<div class=\"column\">\n<p><img loading=\"lazy\" decoding=\"async\" class=\"alignleft wp-image-5383\" src=\"http:\/\/hallein-evangelisch.at\/wp\/wp-content\/uploads\/2018\/10\/sprachtraining.jpg\" alt=\"\" width=\"300\" height=\"324\" \/>Der Start in einem neuen Land stellt Asylwerbern\/innen und Migranten\/innen oftmals vor schwierige Aufgaben. Eine neue Sprache, Kulturunterschiede, andere Beh\u00f6rdensysteme &#8211; all das kann die Eingliederung in eine neue Gesellschaft erschweren.<\/p>\n<p>Das Sprachtraining und die Integrationshilfe sind Angebote des Diakoniewerks im Auftrag des Landes und der Stadt Salzburg. Ziel dieser Angebote ist es, Menschen das Leben in der neuen Umgebung zu erleichtern und ihre Zukunftschancen zu verbessern.<\/p>\n<h3>Was ist Sprachtraining?<br \/>\nWas ist Integrationshilfe?<\/h3>\n<p>Das Sprachtraining bietet Asylwerbern\/innen\u00a0und Migranten\/innen die M\u00f6glichkeit, die deutsche Sprache zu erlernen bzw. zu vertiefen. Im Rahmen von regelm\u00e4\u00dfigen Trainings helfen Freiwillige Asylwerbern\/innen und Migranten\/innen beim Erlernen der deutschen Sprache. Im Mittelpunkt stehen dabei Gespr\u00e4chssituationen aus dem Alltag. Die Sprachtrainings finden einzeln oder in Kleingruppen statt und umfassen circa zwei Stunden pro Woche.<\/p>\n<\/div>\n<div class=\"column\">\n<p>Die Integrationshilfe unterst\u00fctzt Migranten\/innen, die l\u00e4ngerfristig in \u00d6sterreich bleiben d\u00fcrfen, im Alltag zurecht zu kommen und ihren Platz in unserer Gesellschaft zu finden. Die Betreuung in dieser Zeit kann beispielsweise in Form von Integrationshilfe im Alltag, Hilfe bei Beh\u00f6rdenkorresponzen und Bildungsma\u00dfnahmen oder bei der Job- und Wohnungssuche erfolgen. Die Eins\u00e4tze werden flexibel zwischen dem\/der Freiwilligen und dem\/der Migrant\/in je nach Verf\u00fcgbarkeit und Bedarf vereinbart.<\/p>\n<\/div>\n<div class=\"column\">\n<p><strong>Warum Sprachtrainer\/in oder Integrationshelfer\/in werden?<\/strong><\/p>\n<ul>\n<li>Freiwillige haben die M\u00f6glichkeit, ihre eigenen F\u00e4higkeiten in der Arbeit mit AsylwerberInnen und Migrant\/innen sinvoll einzusetzen und dabei Menschen aus verschiedenen L\u00e4ndern und deren Kulturen kennenzulernen.<\/li>\n<li>Freiwillige tragen einen wesentlichen Teil zur erfolgreichen Integration von Menschen auf der Flucht bei.<\/li>\n<li>Die geleisteten Stunden werden best\u00e4tigt und es wird die Eintragung im Freiwilligenpass erm\u00f6glicht bzw. der Freiwilligennachweis NEU ausgestellt.<\/li>\n<\/ul>\n<p><strong>Au\u00dferdem bietet ein Engagement im Freiwilligennetz eine professionelle Begleitung und qualit\u00e4tsvolle Rahmenbedingungen:<\/strong><\/p>\n<ul>\n<li>Hauptamtliche Koordinatorinnen des Diakoniewerks als Ansprechpersonen und Begleitung<\/li>\n<li>Feedback, Supervision<\/li>\n<li>Hilfe bei der Suche nach relevanten Themengebieten und Materialien bzw. Unterst\u00fctzung bei schwierigen Fragestellungen<\/li>\n<li>M\u00f6glichkeiten des Erfahrungsaustausches mit anderen Freiwilligen<\/li>\n<li>Weiterbildung in Form von Schulungen im gesamten Bundesland Salzburg<\/li>\n<\/ul>\n<div class=\"page\" title=\"Page 1\">\n<div class=\"section\">\n<div class=\"layoutArea\">\n<div class=\"column\">\n<h3>Wie kann ich freiwillig t\u00e4tig werden?<\/h3>\n<p>Je nachdem, wo Sie aktiv werden m\u00f6chten, bitten wir Sie, sich an eine der f\u00fcnf Koordinatorinnen zu wenden. In einem Erstgespr\u00e4ch k\u00f6nnen Sie Ihre eigenen Vorstellungen, W\u00fcnsche und M\u00f6glichkeiten \u00e4u\u00dfern.<\/p>\n<p>Nach der erfolgreichen Vermittlung eines geeigneten Einsatzortes bzw. von geeigneten T\u00e4tigkeitsfeldern, kann das Sprachtraining oder die Integrationshilfe starten.<\/p>\n<p>Wir danken dem Land Salzburg f\u00fcr die finanzielle Unterst\u00fctzung des Sprachtrainings und der Integrationshilfe und der Stadt Salzburg f\u00fcr den finanziellen Beitrag zum Sprachtraining.<\/p>\n<p>Allein in Hallein werden ganz dringend 6 Personen gesucht, die sich als Integrationshelfer\/in bet\u00e4tigen.\u00a0Genaue Informationen gibt es gerne bei Brigitte Leister \u2013 sie plant auch einen Infoabend, welcher am 6. November stattfinden soll. \u00a0Brigitte Leister ist\u00a0f\u00fcr den gesamten Tennengau und den Flachgau zust\u00e4ndig und mag diese Projektarbeit sehr.\u00a0Momentan hat sie 42 freiwillige Mitarbeiter\/innen und begleitte und unterst\u00fctze sie \u00a0in regelm\u00e4\u00dfigen Abst\u00e4nden bei ihrer Arbeit. Materialien und Unterlagen, sowie notwendige Informationen erhalten Freiwillige im pers\u00f6nlichen Kontakt, aber auch durch Schulungs- und Austauschabende.\u00a0Brigitte Leister kommt zu pers\u00f6nlichen Gespr\u00e4chen sehr gerne zu den Freiwilligen, so dass keine au\u00dfergew\u00f6hnlichen Umst\u00e4nde erfolgen.<br \/>\nEbenso ist es ihr sehr wichtig, die pers\u00f6nlichen Kontakte zwischen Trainee und Freiwilligen herzustellen.<\/p>\n<h3>Kontakt<\/h3>\n<div class=\"page\" title=\"Page 1\">\n<div class=\"section\">\n<div class=\"layoutArea\">\n<div class=\"column\">\n<p>Freiwilligenkoordinatorin Sprachtraining &amp; Integrationshilfe Flachgau und Tennengau<br \/>\nBrigitte Leister<br \/>\nTelefon: +43 664 85 68 042<br \/>\ne-Mail: brigitte.leister@diakoniewerk.at<\/p>\n<p><img loading=\"lazy\" decoding=\"async\" class=\"alignleft size-medium wp-image-5387\" src=\"http:\/\/hallein-evangelisch.at\/wp\/wp-content\/uploads\/2018\/10\/logos-600x65.jpg\" alt=\"\" width=\"600\" height=\"65\" srcset=\"https:\/\/hallein-evangelisch.at\/wp\/wp-content\/uploads\/2018\/10\/logos-600x65.jpg 600w, https:\/\/hallein-evangelisch.at\/wp\/wp-content\/uploads\/2018\/10\/logos-1024x110.jpg 1024w, https:\/\/hallein-evangelisch.at\/wp\/wp-content\/uploads\/2018\/10\/logos.jpg 1067w\" sizes=\"auto, (max-width: 600px) 100vw, 600px\" \/><\/p>\n<\/div>\n<\/div>\n<\/div>\n<\/div>\n<\/div>\n<\/div>\n<\/div>\n<\/div>\n<\/div>\n<\/div>\n<\/div>\n","protected":false},"excerpt":{"rendered":"<div class=\"mh-excerpt\"><p>[2018-10-01] Der Start in einem neuen Land stellt Asylwerbern\/innen und Migranten\/innen oftmals vor schwierige Aufgaben. Eine neue Sprache, Kulturunterschiede, andere Beh\u00f6rdensysteme &#8211; all das kann die Eingliederung in eine neue Gesellschaft erschweren. Das Sprachtraining und <a class=\"mh-excerpt-more\" href=\"https:\/\/hallein-evangelisch.at\/wp\/?p=5381\" title=\"Sprachtraining f\u00fcr Fl\u00fcchtlinge\">[&#8230;]<\/a><\/p>\n<\/div>","protected":false},"author":8,"featured_media":5383,"comment_status":"closed","ping_status":"closed","sticky":false,"template":"","format":"standard","meta":{"footnotes":""},"categories":[1],"tags":[],"class_list":{"0":"post-5381","1":"post","2":"type-post","3":"status-publish","4":"format-standard","5":"has-post-thumbnail","7":"category-allgemein"},"_links":{"self":[{"href":"https:\/\/hallein-evangelisch.at\/wp\/index.php?rest_route=\/wp\/v2\/posts\/5381","targetHints":{"allow":["GET"]}}],"collection":[{"href":"https:\/\/hallein-evangelisch.at\/wp\/index.php?rest_route=\/wp\/v2\/posts"}],"about":[{"href":"https:\/\/hallein-evangelisch.at\/wp\/index.php?rest_route=\/wp\/v2\/types\/post"}],"author":[{"embeddable":true,"href":"https:\/\/hallein-evangelisch.at\/wp\/index.php?rest_route=\/wp\/v2\/users\/8"}],"replies":[{"embeddable":true,"href":"https:\/\/hallein-evangelisch.at\/wp\/index.php?rest_route=%2Fwp%2Fv2%2Fcomments&post=5381"}],"version-history":[{"count":11,"href":"https:\/\/hallein-evangelisch.at\/wp\/index.php?rest_route=\/wp\/v2\/posts\/5381\/revisions"}],"predecessor-version":[{"id":5394,"href":"https:\/\/hallein-evangelisch.at\/wp\/index.php?rest_route=\/wp\/v2\/posts\/5381\/revisions\/5394"}],"wp:featuredmedia":[{"embeddable":true,"href":"https:\/\/hallein-evangelisch.at\/wp\/index.php?rest_route=\/wp\/v2\/media\/5383"}],"wp:attachment":[{"href":"https:\/\/hallein-evangelisch.at\/wp\/index.php?rest_route=%2Fwp%2Fv2%2Fmedia&parent=5381"}],"wp:term":[{"taxonomy":"category","embeddable":true,"href":"https:\/\/hallein-evangelisch.at\/wp\/index.php?rest_route=%2Fwp%2Fv2%2Fcategories&post=5381"},{"taxonomy":"post_tag","embeddable":true,"href":"https:\/\/hallein-evangelisch.at\/wp\/index.php?rest_route=%2Fwp%2Fv2%2Ftags&post=5381"}],"curies":[{"name":"wp","href":"https:\/\/api.w.org\/{rel}","templated":true}]}}