{"id":5408,"date":"2018-10-26T10:57:31","date_gmt":"2018-10-26T08:57:31","guid":{"rendered":"http:\/\/hallein-evangelisch.at\/wp\/?p=5408"},"modified":"2018-10-26T10:58:03","modified_gmt":"2018-10-26T08:58:03","slug":"die-welt-ist-bunt","status":"publish","type":"post","link":"https:\/\/hallein-evangelisch.at\/wp\/?p=5408","title":{"rendered":"Die Welt ist bunt"},"content":{"rendered":"<p>[2018-10-26]<\/p>\n<p><img loading=\"lazy\" decoding=\"async\" class=\"alignleft wp-image-5410\" src=\"http:\/\/hallein-evangelisch.at\/wp\/wp-content\/uploads\/2018\/10\/clouds-194840_1280-600x400.jpg\" alt=\"\" width=\"400\" height=\"267\" srcset=\"https:\/\/hallein-evangelisch.at\/wp\/wp-content\/uploads\/2018\/10\/clouds-194840_1280-600x400.jpg 600w, https:\/\/hallein-evangelisch.at\/wp\/wp-content\/uploads\/2018\/10\/clouds-194840_1280-1024x682.jpg 1024w, https:\/\/hallein-evangelisch.at\/wp\/wp-content\/uploads\/2018\/10\/clouds-194840_1280.jpg 1280w\" sizes=\"auto, (max-width: 400px) 100vw, 400px\" \/>Ein Kinderlied beginnt mit: \u201eBunt, bunt, bunt sind alle meine Kleider, bunt, bunt, bunt ist alles was ich hab&#8230;\u201c.\u00a0Im Sommer hat die Natur Hoch-Zeit. Sie verw\u00f6hnt unsere Augen und Sinne mit \u00fcppiger Farbenpracht. Die verschiedensten Bl\u00fcten locken ebenso eine Vielzahl an unterschiedlichen Insekten an, diese wiederum viele V\u00f6gel.<\/p>\n<p>Wohl jeder von uns hatte schon das Gl\u00fcck, nach einem herannahenden Gewitter, das den Himmel d\u00fcster grau bis schwarz f\u00e4rbt, einen Regenbogen zu bewundern. Und die wiederkehrende Sonne alle Farben erstrahlen l\u00e4sst.\u00a0Selbst im Winter, wenn die Farben mit wei\u00dfem Schnee zugedeckt sind, gibt die Natur mit Hilfe des Lichts die Farben preis. Alles glitzert und in den gefallenen Schneekristallen spiegeln sich die Regenbogenfarben wieder. Die n\u00fcchterne physikalische Erkl\u00e4rung \u00fcber die Lichtbrechung tut dabei der Sch\u00f6nheit und Freude dar\u00fcber keinen Abbruch. Die Sch\u00f6pfung ist bunt.<\/p>\n<p>Auch wir Menschen sind bunt und vielf\u00e4ltig. Von Kontinent zu Kontinent, vonLand zu Land, von Familie zu Familie, von Oma\/Opa bis zum Enkel &#8211; jederMensch macht per se die Menschheit bunt und bunter.\u00a0Im Vergleich zum Schauspiel der Natur sind wir Menschen zwar etwas blass. Aber der Mensch hat die Buntheit und Vielf\u00e4ltigkeit auf einem Gebiet entdeckt, das alle M\u00f6glichkeiten von bunt und verschieden bietet: Kunst und Kultur! Hierbei m\u00f6chte ich besonders die Musik hervorheben.\u00a0Gleichg\u00fcltig ob Menschen in verschiedensten Kulturkreisen in aller Welt, von Polynesien bis zur Arktis Musik machen, Musik verbindet!<\/p>\n<p>Jeder, der sein Talent zur Musik verwendet, wenn er Musik macht oder auch \u201enur\u201c h\u00f6rt, wei\u00df, Musik hat einen direkten Weg in unser Innerstes.\u00a0Egal ob Akteur oder Zuh\u00f6rer, selbst in Geh\u00f6rlosen klingen Lieder.\u00a0Musik ist das von Menschen gemachte bunteste und vielf\u00e4ltigste und somit sch\u00f6nste Geschenk. Lassen wir unser Lied erklingen!<\/p>\n<p>Wenn dann auch noch das Licht Gottes darauf f\u00e4llt, sind wir dem Himmel sehr nahe.<\/p>\n<p><em>Sylvia Wallinger<\/em><\/p>\n","protected":false},"excerpt":{"rendered":"<div class=\"mh-excerpt\"><p>[2018-10-26] Ein Kinderlied beginnt mit: \u201eBunt, bunt, bunt sind alle meine Kleider, bunt, bunt, bunt ist alles was ich hab&#8230;\u201c.\u00a0Im Sommer hat die Natur Hoch-Zeit. Sie verw\u00f6hnt unsere Augen und Sinne mit \u00fcppiger Farbenpracht. Die <a class=\"mh-excerpt-more\" href=\"https:\/\/hallein-evangelisch.at\/wp\/?p=5408\" title=\"Die Welt ist bunt\">[&#8230;]<\/a><\/p>\n<\/div>","protected":false},"author":8,"featured_media":5410,"comment_status":"closed","ping_status":"closed","sticky":false,"template":"","format":"standard","meta":{"footnotes":""},"categories":[4],"tags":[],"class_list":{"0":"post-5408","1":"post","2":"type-post","3":"status-publish","4":"format-standard","5":"has-post-thumbnail","7":"category-gedanken"},"_links":{"self":[{"href":"https:\/\/hallein-evangelisch.at\/wp\/index.php?rest_route=\/wp\/v2\/posts\/5408","targetHints":{"allow":["GET"]}}],"collection":[{"href":"https:\/\/hallein-evangelisch.at\/wp\/index.php?rest_route=\/wp\/v2\/posts"}],"about":[{"href":"https:\/\/hallein-evangelisch.at\/wp\/index.php?rest_route=\/wp\/v2\/types\/post"}],"author":[{"embeddable":true,"href":"https:\/\/hallein-evangelisch.at\/wp\/index.php?rest_route=\/wp\/v2\/users\/8"}],"replies":[{"embeddable":true,"href":"https:\/\/hallein-evangelisch.at\/wp\/index.php?rest_route=%2Fwp%2Fv2%2Fcomments&post=5408"}],"version-history":[{"count":3,"href":"https:\/\/hallein-evangelisch.at\/wp\/index.php?rest_route=\/wp\/v2\/posts\/5408\/revisions"}],"predecessor-version":[{"id":5412,"href":"https:\/\/hallein-evangelisch.at\/wp\/index.php?rest_route=\/wp\/v2\/posts\/5408\/revisions\/5412"}],"wp:featuredmedia":[{"embeddable":true,"href":"https:\/\/hallein-evangelisch.at\/wp\/index.php?rest_route=\/wp\/v2\/media\/5410"}],"wp:attachment":[{"href":"https:\/\/hallein-evangelisch.at\/wp\/index.php?rest_route=%2Fwp%2Fv2%2Fmedia&parent=5408"}],"wp:term":[{"taxonomy":"category","embeddable":true,"href":"https:\/\/hallein-evangelisch.at\/wp\/index.php?rest_route=%2Fwp%2Fv2%2Fcategories&post=5408"},{"taxonomy":"post_tag","embeddable":true,"href":"https:\/\/hallein-evangelisch.at\/wp\/index.php?rest_route=%2Fwp%2Fv2%2Ftags&post=5408"}],"curies":[{"name":"wp","href":"https:\/\/api.w.org\/{rel}","templated":true}]}}