{"id":5413,"date":"2018-10-30T00:00:08","date_gmt":"2018-10-29T23:00:08","guid":{"rendered":"http:\/\/hallein-evangelisch.at\/wp\/?p=5413"},"modified":"2018-11-15T22:04:40","modified_gmt":"2018-11-15T21:04:40","slug":"luna-entdeckt-den-herbst","status":"publish","type":"post","link":"https:\/\/hallein-evangelisch.at\/wp\/?p=5413","title":{"rendered":"Luna entdeckt den Herbst"},"content":{"rendered":"<p>[2018-10-29]<\/p>\n<p><img loading=\"lazy\" decoding=\"async\" class=\"alignleft wp-image-5416\" src=\"http:\/\/hallein-evangelisch.at\/wp\/wp-content\/uploads\/2018\/10\/k\u00e4tzchen_1540544548-600x400.jpg\" alt=\"\" width=\"400\" height=\"267\" srcset=\"https:\/\/hallein-evangelisch.at\/wp\/wp-content\/uploads\/2018\/10\/k\u00e4tzchen_1540544548-600x400.jpg 600w, https:\/\/hallein-evangelisch.at\/wp\/wp-content\/uploads\/2018\/10\/k\u00e4tzchen_1540544548-1024x682.jpg 1024w, https:\/\/hallein-evangelisch.at\/wp\/wp-content\/uploads\/2018\/10\/k\u00e4tzchen_1540544548.jpg 1280w\" sizes=\"auto, (max-width: 400px) 100vw, 400px\" \/>Das kleine K\u00e4tzchen Luna sa\u00df auf der Mauer des kleinen Gartenh\u00e4uschens und schnurrte vor sich hin. Luna fand es ganz wunderbar, sich ihr Fell von den letzten Sonnenstrahlen des Tages w\u00e4rmen zu lassen. Pl\u00f6tzlich tauchte Cindy, ihre Mama, auf und fragte:\u201c Na, genie\u00dft du noch die letzten Strahlen der Sommersonne? Gut, denn bald kommt der Herbst und dann wird es schnell k\u00e4lter werden.\u201c \u201eHerbst? Wer ist das, Mama?\u201c, fragte das kleine K\u00e4tzchen.<\/p>\n<p>\u201eDer Herbst kommt bald\u201c, wiederholte die Katzen-Mama, \u201eDas hei\u00dft, die Tage werden k\u00fcrzer und die N\u00e4chte l\u00e4nger. Jetzt ist die Sonne noch angenehm warm, aber schon bald verliert sie an Kraft und leuchtet nicht mehr so stark und so lang am Abend.\u201c \u201eAber wieso verliert sie denn an Kraft? Die Sonne ist doch so gro\u00df und hei\u00df, wie soll denn das gehen?\u201c fragte Luna.<\/p>\n<p>\u201eTja, das liegt daran, dass sich die Erde jetzt in die andere Richtung beugt,\u00a0damit sie auch mal die andere Seite von ihrem K\u00f6rper w\u00e4rmt.\u201c \u201eUnd wieso sollte sie das tun, Mama?\u201c fragte das K\u00e4tzchen ungl\u00e4ubig. \u201eAlso\u201c, erkl\u00e4rte Cindy, \u201cdas ist ungef\u00e4hr so wie bei dir, wenn dir auf einer K\u00f6rperseite zu warm wird, legst du dich doch auch auf die andere Seite um sie von der Sonne w\u00e4rmen\u00a0zu lassen, oder?\u201c \u201eJa schon\u201c, stimmte Luna zu, \u201eund das kann die Erde auch? Wow, das h\u00e4tte ich ihr gar nicht zugetraut!\u201c \u201eTja so ist es aber\u201c, erwiderte die Katzenmutter, \u201edas nennt man dann bei uns \u201aHerbst\u2018, aber keine Sorge, der Herbst ist ganz wunderbar, du wirst sehen, lass dich \u00fcberraschen!\u201c<\/p>\n<p>Drei Wochen vergingen. Regen und St\u00fcrme zogen durchs Land. Eines Tages aber war der Himmel wolkenlos und die Sonne ging gerade auf, als Luna einen Blick nach drau\u00dfen warf. \u201eMama hatte Recht\u201c, dachte sie sich, \u201edie Sonne steht sp\u00e4ter auf und ist nicht mehr so warm, aber die Farben sind irgendwie anders. Alles leuchtet so intensiv und auch die Berge sehen irgendwie ver\u00e4ndert aus!\u201c<br \/>\nDas kleine K\u00e4tzchen beschloss einen Spaziergang zu machen und sich die \u201aneue Welt\u2018 anzusehen. Luna schaute sich die Bl\u00e4tter genauer an und erkannte, dass sie pl\u00f6tzlich ein Bunt im Gr\u00fcn hatten! \u201eWas ist passiert?\u201c, fragte sie sich.\u00a0Auch die Bl\u00e4tter trugen am Morgen viel mehr Wassertropfen und die Spinnennetze funkelten in der Morgensonne.\u00a0Ach, wie sch\u00f6n das alles aussah! Wie tausend funkelnde Diamanten! Voller Freude st\u00fcrzte sich Luna in den n\u00e4chsten Haufen Bl\u00e4tter, die furchtbar in ihrer Nase kitzelten.\u00a0\u201eMama, was ist nur mit der Welt passiert?\u201c fragte Luna. \u201eDas ist der Herbst,\u00a0Schatz\u201c, antwortete Cindy. \u201eOh, ich h\u00e4tte nicht gedacht, dass er so sch\u00f6n, so bunt und so farbenfroh sein kann. Das ist so toll! Was passiert nach dem Herbst? Werden die Lichter dann neonfarben?\u201c<\/p>\n<p>\u201eNein S\u00fc\u00dfe\u201c, lachte Cindy, \u201edanach kommt der Winter, aber lass dich nur \u00fcberraschen, jede Jahreszeit ist eben anders und jede einzelne von ihnen hat ihre eigene Vielfalt und ihren eigenen Charme\u201c.<\/p>\n<p><em>Yvonne Ennsmann<\/em><\/p>\n","protected":false},"excerpt":{"rendered":"<div class=\"mh-excerpt\"><p>[2018-10-29] Das kleine K\u00e4tzchen Luna sa\u00df auf der Mauer des kleinen Gartenh\u00e4uschens und schnurrte vor sich hin. Luna fand es ganz wunderbar, sich ihr Fell von den letzten Sonnenstrahlen des Tages w\u00e4rmen zu lassen. Pl\u00f6tzlich <a class=\"mh-excerpt-more\" href=\"https:\/\/hallein-evangelisch.at\/wp\/?p=5413\" title=\"Luna entdeckt den Herbst\">[&#8230;]<\/a><\/p>\n<\/div>","protected":false},"author":8,"featured_media":5416,"comment_status":"closed","ping_status":"closed","sticky":false,"template":"","format":"standard","meta":{"footnotes":""},"categories":[4],"tags":[],"class_list":{"0":"post-5413","1":"post","2":"type-post","3":"status-publish","4":"format-standard","5":"has-post-thumbnail","7":"category-gedanken"},"_links":{"self":[{"href":"https:\/\/hallein-evangelisch.at\/wp\/index.php?rest_route=\/wp\/v2\/posts\/5413","targetHints":{"allow":["GET"]}}],"collection":[{"href":"https:\/\/hallein-evangelisch.at\/wp\/index.php?rest_route=\/wp\/v2\/posts"}],"about":[{"href":"https:\/\/hallein-evangelisch.at\/wp\/index.php?rest_route=\/wp\/v2\/types\/post"}],"author":[{"embeddable":true,"href":"https:\/\/hallein-evangelisch.at\/wp\/index.php?rest_route=\/wp\/v2\/users\/8"}],"replies":[{"embeddable":true,"href":"https:\/\/hallein-evangelisch.at\/wp\/index.php?rest_route=%2Fwp%2Fv2%2Fcomments&post=5413"}],"version-history":[{"count":3,"href":"https:\/\/hallein-evangelisch.at\/wp\/index.php?rest_route=\/wp\/v2\/posts\/5413\/revisions"}],"predecessor-version":[{"id":5500,"href":"https:\/\/hallein-evangelisch.at\/wp\/index.php?rest_route=\/wp\/v2\/posts\/5413\/revisions\/5500"}],"wp:featuredmedia":[{"embeddable":true,"href":"https:\/\/hallein-evangelisch.at\/wp\/index.php?rest_route=\/wp\/v2\/media\/5416"}],"wp:attachment":[{"href":"https:\/\/hallein-evangelisch.at\/wp\/index.php?rest_route=%2Fwp%2Fv2%2Fmedia&parent=5413"}],"wp:term":[{"taxonomy":"category","embeddable":true,"href":"https:\/\/hallein-evangelisch.at\/wp\/index.php?rest_route=%2Fwp%2Fv2%2Fcategories&post=5413"},{"taxonomy":"post_tag","embeddable":true,"href":"https:\/\/hallein-evangelisch.at\/wp\/index.php?rest_route=%2Fwp%2Fv2%2Ftags&post=5413"}],"curies":[{"name":"wp","href":"https:\/\/api.w.org\/{rel}","templated":true}]}}