{"id":5420,"date":"2018-10-26T15:37:35","date_gmt":"2018-10-26T13:37:35","guid":{"rendered":"http:\/\/hallein-evangelisch.at\/wp\/?p=5420"},"modified":"2018-11-26T23:36:19","modified_gmt":"2018-11-26T22:36:19","slug":"jugenorchester-konzert","status":"publish","type":"post","link":"https:\/\/hallein-evangelisch.at\/wp\/?p=5420","title":{"rendered":"Jugenorchester- Konzert"},"content":{"rendered":"<p>[2018-10-26]<\/p>\n<p><strong><img loading=\"lazy\" decoding=\"async\" class=\"alignleft wp-image-5429 size-mh-magazine-content\" src=\"http:\/\/hallein-evangelisch.at\/wp\/wp-content\/uploads\/2018\/10\/IMGP1250-e14301616775491-678x381.jpg\" alt=\"\" width=\"678\" height=\"381\" \/><\/strong><\/p>\n<p>Am Mittwoch, den 31.10 2018 ist um 14 Uhr das Jugendorchester aus dem badischen Ettenheim zu Gast in der Schaitbergerkirche in Hallein!\u00a0Im zweij\u00e4hrigen Turnus geht das Orchester auf eine Konzertreise, die es auch schon nach Italien, Dresden, Prag, Wien und nach Kroatien gef\u00fchrt hat.<\/p>\n<p>In diesem Jahr ist das Ziel Salzburg, von wo aus Ausfl\u00fcge und nat\u00fcrlich Konzerte unternommen werden. Ettenheim liegt am Rande des Schwarzwalds, nicht weit von Freiburg.<\/p>\n<p>Die jungen Musikerinnen und Musiker w\u00fcrden sich \u00fcber viele Zuh\u00f6rer sehr freuen und spielen f\u00fcr Sie ein buntes Programm mit Klassikern aus Pop und Klassik.<\/p>\n<p>Veranstalter: NMS Hallein-Stadt &amp; SUDHAUS hallein.kultur<\/p>\n<p>Eintritt frei, Spenden erbeten!<\/p>\n<p><a href=\"http:\/\/hallein-evangelisch.at\/wp\/wp-content\/uploads\/2018\/10\/Flyer_KONZERT-DES-JUGENDORCHESTERS-ETTENHEIM.pdf\" target=\"_blank\" rel=\"noopener\">Flyer Konzert des Jugendorchesters Ettenheim<\/a><\/p>\n","protected":false},"excerpt":{"rendered":"<div class=\"mh-excerpt\"><p>[2018-10-26] Am Mittwoch, den 31.10 2018 ist um 14 Uhr das Jugendorchester aus dem badischen Ettenheim zu Gast in der Schaitbergerkirche in Hallein!\u00a0Im zweij\u00e4hrigen Turnus geht das Orchester auf eine Konzertreise, die es auch schon <a class=\"mh-excerpt-more\" href=\"https:\/\/hallein-evangelisch.at\/wp\/?p=5420\" title=\"Jugenorchester- Konzert\">[&#8230;]<\/a><\/p>\n<\/div>","protected":false},"author":7,"featured_media":5429,"comment_status":"closed","ping_status":"closed","sticky":false,"template":"","format":"standard","meta":{"footnotes":""},"categories":[31],"tags":[],"class_list":{"0":"post-5420","1":"post","2":"type-post","3":"status-publish","4":"format-standard","5":"has-post-thumbnail","7":"category-kultur"},"_links":{"self":[{"href":"https:\/\/hallein-evangelisch.at\/wp\/index.php?rest_route=\/wp\/v2\/posts\/5420","targetHints":{"allow":["GET"]}}],"collection":[{"href":"https:\/\/hallein-evangelisch.at\/wp\/index.php?rest_route=\/wp\/v2\/posts"}],"about":[{"href":"https:\/\/hallein-evangelisch.at\/wp\/index.php?rest_route=\/wp\/v2\/types\/post"}],"author":[{"embeddable":true,"href":"https:\/\/hallein-evangelisch.at\/wp\/index.php?rest_route=\/wp\/v2\/users\/7"}],"replies":[{"embeddable":true,"href":"https:\/\/hallein-evangelisch.at\/wp\/index.php?rest_route=%2Fwp%2Fv2%2Fcomments&post=5420"}],"version-history":[{"count":12,"href":"https:\/\/hallein-evangelisch.at\/wp\/index.php?rest_route=\/wp\/v2\/posts\/5420\/revisions"}],"predecessor-version":[{"id":5436,"href":"https:\/\/hallein-evangelisch.at\/wp\/index.php?rest_route=\/wp\/v2\/posts\/5420\/revisions\/5436"}],"wp:featuredmedia":[{"embeddable":true,"href":"https:\/\/hallein-evangelisch.at\/wp\/index.php?rest_route=\/wp\/v2\/media\/5429"}],"wp:attachment":[{"href":"https:\/\/hallein-evangelisch.at\/wp\/index.php?rest_route=%2Fwp%2Fv2%2Fmedia&parent=5420"}],"wp:term":[{"taxonomy":"category","embeddable":true,"href":"https:\/\/hallein-evangelisch.at\/wp\/index.php?rest_route=%2Fwp%2Fv2%2Fcategories&post=5420"},{"taxonomy":"post_tag","embeddable":true,"href":"https:\/\/hallein-evangelisch.at\/wp\/index.php?rest_route=%2Fwp%2Fv2%2Ftags&post=5420"}],"curies":[{"name":"wp","href":"https:\/\/api.w.org\/{rel}","templated":true}]}}