{"id":5439,"date":"2018-10-30T10:53:07","date_gmt":"2018-10-30T09:53:07","guid":{"rendered":"http:\/\/hallein-evangelisch.at\/wp\/?p=5439"},"modified":"2018-10-30T10:56:10","modified_gmt":"2018-10-30T09:56:10","slug":"nacht-des-erinnerns","status":"publish","type":"post","link":"https:\/\/hallein-evangelisch.at\/wp\/?p=5439","title":{"rendered":"Nacht des Erinnerns"},"content":{"rendered":"<p>[2018-10-30]<\/p>\n<p><img loading=\"lazy\" decoding=\"async\" class=\"size-large wp-image-5440 alignnone\" src=\"http:\/\/hallein-evangelisch.at\/wp\/wp-content\/uploads\/2018\/10\/nachtdeserinnerns-669x1024.jpg\" alt=\"\" width=\"669\" height=\"1024\" srcset=\"https:\/\/hallein-evangelisch.at\/wp\/wp-content\/uploads\/2018\/10\/nachtdeserinnerns-669x1024.jpg 669w, https:\/\/hallein-evangelisch.at\/wp\/wp-content\/uploads\/2018\/10\/nachtdeserinnerns-392x600.jpg 392w, https:\/\/hallein-evangelisch.at\/wp\/wp-content\/uploads\/2018\/10\/nachtdeserinnerns.jpg 1556w\" sizes=\"auto, (max-width: 669px) 100vw, 669px\" \/><\/p>\n<p>In der Nacht vom 9. auf den 10. November 2018 j\u00e4hrt sich zum 80. Mal jene grausame Nacht, in der die j\u00fcdische Bev\u00f6lkerung Deutschlands f\u00fcr rechtlos erkl\u00e4rt wurde.<\/p>\n<p>Mit der vom NS-Regime im ganzen Reich organisierten Zerst\u00f6rung j\u00fcdischer Synagogen und H\u00e4user, sowie der Misshandlung unz\u00e4hliger j\u00fcdischer Mitmenschen beginnen jene Gr\u00e4ueltaten, die schlussendlich zur Ermordung und Vernichtung der Juden in Europa gef\u00fchrt haben.<\/p>\n<p>Im Gedenken an jenen grausamen November und achtsam f\u00fcr gegenw\u00e4rtige Str\u00f6mungen in der Gesellschaft, m\u00f6chten K\u00fcnstler, Sch\u00fcler und Studierende in der Kollegienkirche einen Erinnerungsbogen von Damals ins Heute spannen. Wer sich mit uns erinnern und ein Zeichen setzten will, ist eingeladen in dieser Nacht in die Kollegienkirche zu kommen.<\/p>\n<ul>\n<li>Programmpunkte 19-23 Uhr, 24 Uhr, 05 Uhr morgens<\/li>\n<li>Kooperationsveranstaltung mit Oskar Stocker, Luis Riviera Musisches Gymnasium,<\/li>\n<li>KHJ, BachWerkVokal, Kollegienkirche)<\/li>\n<li>Ort: Kollegienkirche Salzburg<\/li>\n<li>5020 Salzburg, Universit\u00e4tsplatz<\/li>\n<li>Beginn: 19:00 Uhr Eintritt frei, Spenden erbeten!<\/li>\n<\/ul>\n","protected":false},"excerpt":{"rendered":"<div class=\"mh-excerpt\"><p>[2018-10-30] In der Nacht vom 9. auf den 10. November 2018 j\u00e4hrt sich zum 80. Mal jene grausame Nacht, in der die j\u00fcdische Bev\u00f6lkerung Deutschlands f\u00fcr rechtlos erkl\u00e4rt wurde. Mit der vom NS-Regime im ganzen <a class=\"mh-excerpt-more\" href=\"https:\/\/hallein-evangelisch.at\/wp\/?p=5439\" title=\"Nacht des Erinnerns\">[&#8230;]<\/a><\/p>\n<\/div>","protected":false},"author":8,"featured_media":5443,"comment_status":"closed","ping_status":"closed","sticky":false,"template":"","format":"standard","meta":{"footnotes":""},"categories":[1],"tags":[],"class_list":{"0":"post-5439","1":"post","2":"type-post","3":"status-publish","4":"format-standard","5":"has-post-thumbnail","7":"category-allgemein"},"_links":{"self":[{"href":"https:\/\/hallein-evangelisch.at\/wp\/index.php?rest_route=\/wp\/v2\/posts\/5439","targetHints":{"allow":["GET"]}}],"collection":[{"href":"https:\/\/hallein-evangelisch.at\/wp\/index.php?rest_route=\/wp\/v2\/posts"}],"about":[{"href":"https:\/\/hallein-evangelisch.at\/wp\/index.php?rest_route=\/wp\/v2\/types\/post"}],"author":[{"embeddable":true,"href":"https:\/\/hallein-evangelisch.at\/wp\/index.php?rest_route=\/wp\/v2\/users\/8"}],"replies":[{"embeddable":true,"href":"https:\/\/hallein-evangelisch.at\/wp\/index.php?rest_route=%2Fwp%2Fv2%2Fcomments&post=5439"}],"version-history":[{"count":3,"href":"https:\/\/hallein-evangelisch.at\/wp\/index.php?rest_route=\/wp\/v2\/posts\/5439\/revisions"}],"predecessor-version":[{"id":5444,"href":"https:\/\/hallein-evangelisch.at\/wp\/index.php?rest_route=\/wp\/v2\/posts\/5439\/revisions\/5444"}],"wp:featuredmedia":[{"embeddable":true,"href":"https:\/\/hallein-evangelisch.at\/wp\/index.php?rest_route=\/wp\/v2\/media\/5443"}],"wp:attachment":[{"href":"https:\/\/hallein-evangelisch.at\/wp\/index.php?rest_route=%2Fwp%2Fv2%2Fmedia&parent=5439"}],"wp:term":[{"taxonomy":"category","embeddable":true,"href":"https:\/\/hallein-evangelisch.at\/wp\/index.php?rest_route=%2Fwp%2Fv2%2Fcategories&post=5439"},{"taxonomy":"post_tag","embeddable":true,"href":"https:\/\/hallein-evangelisch.at\/wp\/index.php?rest_route=%2Fwp%2Fv2%2Ftags&post=5439"}],"curies":[{"name":"wp","href":"https:\/\/api.w.org\/{rel}","templated":true}]}}