{"id":5447,"date":"2018-11-08T11:21:55","date_gmt":"2018-11-08T10:21:55","guid":{"rendered":"http:\/\/hallein-evangelisch.at\/wp\/?p=5447"},"modified":"2018-11-08T11:21:55","modified_gmt":"2018-11-08T10:21:55","slug":"kekse-und-kuchen","status":"publish","type":"post","link":"https:\/\/hallein-evangelisch.at\/wp\/?p=5447","title":{"rendered":"Kekse und Kuchen &#8230;"},"content":{"rendered":"<p>[2018-11-08]<\/p>\n<p><a href=\"http:\/\/hallein-evangelisch.at\/wp\/?attachment_id=5450\" rel=\"attachment wp-att-5450\"><img loading=\"lazy\" decoding=\"async\" class=\"alignleft wp-image-5450\" src=\"http:\/\/hallein-evangelisch.at\/wp\/wp-content\/uploads\/2018\/11\/Kekse_1541672428-600x401.jpg\" alt=\"\" width=\"350\" height=\"234\" srcset=\"https:\/\/hallein-evangelisch.at\/wp\/wp-content\/uploads\/2018\/11\/Kekse_1541672428-600x401.jpg 600w, https:\/\/hallein-evangelisch.at\/wp\/wp-content\/uploads\/2018\/11\/Kekse_1541672428-1024x684.jpg 1024w, https:\/\/hallein-evangelisch.at\/wp\/wp-content\/uploads\/2018\/11\/Kekse_1541672428.jpg 1280w\" sizes=\"auto, (max-width: 350px) 100vw, 350px\" \/><\/a>Beim Adventmarkt im Pfarrhaus, dessen Erl\u00f6s immer f\u00fcr Menschen in Not in unserer Gegend und soziale Zwecke verwendet wird, sind auch selbst gebackene Kekse ein beliebter Verkaufsartikel.\u00a0Etliche kommen von den Damen des Bastelkreises, aber es w\u00e4re sehr sch\u00f6n, wenn auch einige von euch Kekse bringen k\u00f6nnten!<\/p>\n<p>Die Kekse br\u00e4uchten wir am Dienstag, 27. November am Vormittag zwischen 8.00 und 12.30 Uhr oder am Mittwoch, 28. November, bis 8.30 Uhr \u2013 da werden dann die Kekse verpackt.<\/p>\n<p>Wenn ihr zu diesen Zeiten keine Zeit habt, bitte kurz anrufen, so dass jemand im Haus ist.<\/p>\n<p>Weiters gibt es w\u00e4hrend das Adventmarktes am Samstag, 1. Dezember, 9.00 \u2013 19.00 Uhr und Sonntag, 2. Dezember, 10.30 \u2013 13.00 Uhr, immer Kaffee und Kuchen.\u00a0Ganz super w\u00e4re es, wenn ihr dazu auch einen Kuchen beisteuern k\u00f6nntet!<\/p>\n<p>Dann bringt bitte den Kuchen am Samstag, 01.12. in der Fr\u00fch! Oder auch einige noch am Sonntagmorgen.<\/p>\n<p>Ganz, ganz herzlichen Dank, auch im Namen des Bastelkreises,<\/p>\n<p><em>Peter Gabriel<\/em><\/p>\n","protected":false},"excerpt":{"rendered":"<div class=\"mh-excerpt\"><p>[2018-11-08] Beim Adventmarkt im Pfarrhaus, dessen Erl\u00f6s immer f\u00fcr Menschen in Not in unserer Gegend und soziale Zwecke verwendet wird, sind auch selbst gebackene Kekse ein beliebter Verkaufsartikel.\u00a0Etliche kommen von den Damen des Bastelkreises, aber <a class=\"mh-excerpt-more\" href=\"https:\/\/hallein-evangelisch.at\/wp\/?p=5447\" title=\"Kekse und Kuchen &#8230;\">[&#8230;]<\/a><\/p>\n<\/div>","protected":false},"author":8,"featured_media":5451,"comment_status":"closed","ping_status":"closed","sticky":false,"template":"","format":"standard","meta":{"footnotes":""},"categories":[1],"tags":[],"class_list":{"0":"post-5447","1":"post","2":"type-post","3":"status-publish","4":"format-standard","5":"has-post-thumbnail","7":"category-allgemein"},"_links":{"self":[{"href":"https:\/\/hallein-evangelisch.at\/wp\/index.php?rest_route=\/wp\/v2\/posts\/5447","targetHints":{"allow":["GET"]}}],"collection":[{"href":"https:\/\/hallein-evangelisch.at\/wp\/index.php?rest_route=\/wp\/v2\/posts"}],"about":[{"href":"https:\/\/hallein-evangelisch.at\/wp\/index.php?rest_route=\/wp\/v2\/types\/post"}],"author":[{"embeddable":true,"href":"https:\/\/hallein-evangelisch.at\/wp\/index.php?rest_route=\/wp\/v2\/users\/8"}],"replies":[{"embeddable":true,"href":"https:\/\/hallein-evangelisch.at\/wp\/index.php?rest_route=%2Fwp%2Fv2%2Fcomments&post=5447"}],"version-history":[{"count":3,"href":"https:\/\/hallein-evangelisch.at\/wp\/index.php?rest_route=\/wp\/v2\/posts\/5447\/revisions"}],"predecessor-version":[{"id":5452,"href":"https:\/\/hallein-evangelisch.at\/wp\/index.php?rest_route=\/wp\/v2\/posts\/5447\/revisions\/5452"}],"wp:featuredmedia":[{"embeddable":true,"href":"https:\/\/hallein-evangelisch.at\/wp\/index.php?rest_route=\/wp\/v2\/media\/5451"}],"wp:attachment":[{"href":"https:\/\/hallein-evangelisch.at\/wp\/index.php?rest_route=%2Fwp%2Fv2%2Fmedia&parent=5447"}],"wp:term":[{"taxonomy":"category","embeddable":true,"href":"https:\/\/hallein-evangelisch.at\/wp\/index.php?rest_route=%2Fwp%2Fv2%2Fcategories&post=5447"},{"taxonomy":"post_tag","embeddable":true,"href":"https:\/\/hallein-evangelisch.at\/wp\/index.php?rest_route=%2Fwp%2Fv2%2Ftags&post=5447"}],"curies":[{"name":"wp","href":"https:\/\/api.w.org\/{rel}","templated":true}]}}