{"id":5454,"date":"2018-11-18T00:00:45","date_gmt":"2018-11-17T23:00:45","guid":{"rendered":"http:\/\/hallein-evangelisch.at\/wp\/?p=5454"},"modified":"2018-12-02T09:35:45","modified_gmt":"2018-12-02T08:35:45","slug":"advent-weihnacht-2018","status":"publish","type":"post","link":"https:\/\/hallein-evangelisch.at\/wp\/?p=5454","title":{"rendered":"Advent &#8211; Weihnacht 2018"},"content":{"rendered":"<p>[2018-11-17]<\/p>\n<p><img loading=\"lazy\" decoding=\"async\" class=\"alignleft wp-image-4033\" src=\"http:\/\/hallein-evangelisch.at\/wp\/wp-content\/uploads\/2018\/03\/fa18_03-3391-600x400.jpg\" alt=\"\" width=\"350\" height=\"233\" srcset=\"https:\/\/hallein-evangelisch.at\/wp\/wp-content\/uploads\/2018\/03\/fa18_03-3391-600x400.jpg 600w, https:\/\/hallein-evangelisch.at\/wp\/wp-content\/uploads\/2018\/03\/fa18_03-3391.jpg 1000w\" sizes=\"auto, (max-width: 350px) 100vw, 350px\" \/>\u201e<em>Ehre sei Gott in der H\u00f6he und Friede\u00a0auf Erden bei den Menschen seines Wohlgefallens.<\/em>\u201c (Lukas 2,14) \u2013 so h\u00f6ren die Hirten auf den Feldern von Bethlehem die Engel singen. In jener besonderen Heiligen Nacht, in der der Retter, der Heiland der Welt geboren wird, erklingt diese Friedensbotschaft.<\/p>\n<p>Weihnachten wird von daher auch als Friedensfest begangen.\u00a0Das Friedenslicht von Bethlehem erinnert uns daran. Frieden f\u00fcr alle Menschen ist auch eine Botschaft des ber\u00fchmten Liedes \u201eStille Nacht\u201c, dessen 200. Geburtstag wir begehen, wenn es da hei\u00dft: \u201eJesus die V\u00f6lker der Welt\u201c oder auch \u201eAller Welt Schonung\u00a0verhie\u00df\u201c (siehe den Artikel von Gordon Safari und Ingrid Allesch in diesem Gemeindebrief).\u00a0Doch wenn wir auf unsere Welt schauen, da gibt es viel Unfrieden, Hass, Streit, Krieg \u2013 und gerade in Bethlehem herrscht maximal Waffenstillstand&#8230;<\/p>\n<p>Wenn ich den Gesang der Engel richtig verstehe, dann kehrt Friede auf Erden dann ein, wenn Menschen Gott die Ehre geben! Was hei\u00dft das?\u00a0Wenn Gott an erster Stelle steht und ich ihn als Herrscher der Welt gelten lasse, dann sind es eben nicht wir Menschen, die alles bestimmen und lenken, die ihre Interessen und Pl\u00e4ne r\u00fccksichtslos durchsetzen \u2013 koste es, was es wolle. Das gilt f\u00fcr \u201edie Gro\u00dfen\u201c in Politik und Wirtschaft, das gilt aber genauso f\u00fcr mich in meinen Bez\u00fcgen in Familie, Freundschaften, am Arbeitsplatz, in der Schule und in der Freizeit.<\/p>\n<p>Wenn ich Gott die Ehre gebe, dann schlie\u00dft das automatisch mit ein, dass ich Gottes Gesch\u00f6pfe \u2013 und zwar alle: Menschen jeglicher Couleur ebenso wieTiere und Pflanzen \u2013 ehre, sie sorgsam behandle, sie in ihrer Vielfalt achte undrespektiere. Das gilt auch f\u00fcr die, die mir unsympathisch sind, die ganz anders leben als ich.\u00a0Wenn ich versuche, in diesem Sinne Gott die Ehre zu geben, dann bin ich ein Mensch, der Gott wohl gef\u00e4llt. Ich wei\u00df, dass ist nicht einfach, weil ich immer wieder neidig auf andere bin, glaube um meine Rechte, meinen Einfluss k\u00e4mpfen zu m\u00fcssen, weil das Fremde, weil die Andersartigen mir Angst machen.\u00a0Jesus ist f\u00fcr mich der Mensch, der zu 100% Gott die Ehre gegeben hat und alle\u00a0Menschen in die Gemeinschaft mit Gott eingeladen hat, der ohne Vorurteile auf jede und jeden zugegangen ist. Ihm nachzufolgen, so wie er zu leben versuchen, das will ich immer wieder tun.\u00a0Und da wo Unfrieden, Hass und Streit herrschen, will ich Menschen einladen, Gott zu vertrauen und ihn zu ehren \u2013 denn dann weichen Angst und Unsicherheit, dann kehrt Friede ein.<\/p>\n<p>So w\u00fcnsche ich uns allen ein friedliches, friedvolles Weihnachtsfest, an dem Gott und sein Sohn Jesus Christus, in dem die Botschaft der Engel im Mittelpunkt steht: \u201eF\u00fcrchtet euch nicht! Siehe, ich verk\u00fcndige euch gro\u00dfe Freude, die allem Volk widerfahren wird; denn euch ist heute der Heiland geboren, welcher ist Christus, der Herr, in der Stadt Davids.\u201c (Lukas 2,10-11)<\/p>\n<p><em>Euer Pfarrer Peter Gabriel<\/em><\/p>\n<p><a href=\"http:\/\/www.hallein-evangelisch.at\/gemeindebrief\/2018_11_08_Gemeindebrief.pdf\" target=\"_blank\" rel=\"noopener\">Hier kann der ganze Gemeindebrief zum Nachlesen heruntergeladen werden.<\/a><\/p>\n","protected":false},"excerpt":{"rendered":"<div class=\"mh-excerpt\"><p>[2018-11-17] \u201eEhre sei Gott in der H\u00f6he und Friede\u00a0auf Erden bei den Menschen seines Wohlgefallens.\u201c (Lukas 2,14) \u2013 so h\u00f6ren die Hirten auf den Feldern von Bethlehem die Engel singen. In jener besonderen Heiligen Nacht, <a class=\"mh-excerpt-more\" href=\"https:\/\/hallein-evangelisch.at\/wp\/?p=5454\" title=\"Advent &#8211; Weihnacht 2018\">[&#8230;]<\/a><\/p>\n<\/div>","protected":false},"author":8,"featured_media":5456,"comment_status":"closed","ping_status":"closed","sticky":false,"template":"","format":"standard","meta":{"footnotes":""},"categories":[27],"tags":[50,51],"class_list":{"0":"post-5454","1":"post","2":"type-post","3":"status-publish","4":"format-standard","5":"has-post-thumbnail","7":"category-gemeindebrief","8":"tag-gemeindebrief","9":"tag-weihnacht"},"_links":{"self":[{"href":"https:\/\/hallein-evangelisch.at\/wp\/index.php?rest_route=\/wp\/v2\/posts\/5454","targetHints":{"allow":["GET"]}}],"collection":[{"href":"https:\/\/hallein-evangelisch.at\/wp\/index.php?rest_route=\/wp\/v2\/posts"}],"about":[{"href":"https:\/\/hallein-evangelisch.at\/wp\/index.php?rest_route=\/wp\/v2\/types\/post"}],"author":[{"embeddable":true,"href":"https:\/\/hallein-evangelisch.at\/wp\/index.php?rest_route=\/wp\/v2\/users\/8"}],"replies":[{"embeddable":true,"href":"https:\/\/hallein-evangelisch.at\/wp\/index.php?rest_route=%2Fwp%2Fv2%2Fcomments&post=5454"}],"version-history":[{"count":2,"href":"https:\/\/hallein-evangelisch.at\/wp\/index.php?rest_route=\/wp\/v2\/posts\/5454\/revisions"}],"predecessor-version":[{"id":5457,"href":"https:\/\/hallein-evangelisch.at\/wp\/index.php?rest_route=\/wp\/v2\/posts\/5454\/revisions\/5457"}],"wp:featuredmedia":[{"embeddable":true,"href":"https:\/\/hallein-evangelisch.at\/wp\/index.php?rest_route=\/wp\/v2\/media\/5456"}],"wp:attachment":[{"href":"https:\/\/hallein-evangelisch.at\/wp\/index.php?rest_route=%2Fwp%2Fv2%2Fmedia&parent=5454"}],"wp:term":[{"taxonomy":"category","embeddable":true,"href":"https:\/\/hallein-evangelisch.at\/wp\/index.php?rest_route=%2Fwp%2Fv2%2Fcategories&post=5454"},{"taxonomy":"post_tag","embeddable":true,"href":"https:\/\/hallein-evangelisch.at\/wp\/index.php?rest_route=%2Fwp%2Fv2%2Ftags&post=5454"}],"curies":[{"name":"wp","href":"https:\/\/api.w.org\/{rel}","templated":true}]}}