{"id":5458,"date":"2018-11-16T00:00:49","date_gmt":"2018-11-15T23:00:49","guid":{"rendered":"http:\/\/hallein-evangelisch.at\/wp\/?p=5458"},"modified":"2018-12-02T09:36:14","modified_gmt":"2018-12-02T08:36:14","slug":"wir-haben-nix-zu-verschenken","status":"publish","type":"post","link":"https:\/\/hallein-evangelisch.at\/wp\/?p=5458","title":{"rendered":"Wir haben nix zu verschenken!?"},"content":{"rendered":"<p>[2018-11-15]<\/p>\n<h3>&#8230; oder doch?<\/h3>\n<p><img loading=\"lazy\" decoding=\"async\" class=\"alignleft wp-image-5459\" src=\"http:\/\/hallein-evangelisch.at\/wp\/wp-content\/uploads\/2018\/11\/screenshot_11.11.1809.29-1.jpg\" alt=\"\" width=\"350\" height=\"367\" \/>Jeden Mittwoch trifft sich das Kreativ-Team unserer Pfarrgemeinde im Pfarrhaus und verschenkt gro\u00dfz\u00fcgig jede Menge Zeit, verschenkt seine unterschiedlichsten Talente und F\u00e4higkeiten, um am Ende einfach nur Freude zu schenken. Freude denen, denen es manchmal am N\u00f6tigsten fehlt, denen, die auf der Verliererstra\u00dfe gelandet sind und denen, denen einfach nur ein Qu\u00e4ntchen Gl\u00fcck versagt blieb.<\/p>\n<ul>\n<li>Samstag, 1. Dezember 2018, 9.00h bis 19.00h<\/li>\n<li>Sonntag, 2.Dezember 2018, 10.30h bis 13.00h<\/li>\n<\/ul>\n<p>Seit 35(!) Jahren beschenkt auch Ihr uns als treue Kunden mit Eurem gesch\u00e4tzten Besuch beim allj\u00e4hrlichen Adventmarkt, schenkt uns Lob vielleicht und einen kleinen Obolus, wenn Ihr begeistert \u201ewill haben\u201c ruft und die eine oder andere einzigartige Kleinigkeit oder selbstgemachte K\u00f6stlichkeit mit nach Hause nehmt.<\/p>\n<p>Schwerpunkt unserer diakonischen Arbeit ist auch heuer wieder Hilfe f\u00fcr Kinder mit lebensbedrohlichen oder lebensbegrenzenden Krankheiten.<\/p>\n<p>Bitte beschenkt uns auch heuer wieder und nehmt Freunde und Bekannte mit!<\/p>\n<h3>Wer bekommt den Erl\u00f6s aus dem Adventmarkt?<\/h3>\n<p>Das Adventmarkt-Team unserer Pfarrgemeinde hat sich neben \u00a0all den laufenden diakonischen Aufgaben ein ehrgeiziges Ziel gesetzt:<\/p>\n<p>Die kleine E. aus Salzburg ist 2 Jahre alt. Sie leidet seit ihrem zweiten Lebensmonat an einer schweren Krankheit.\u00a0 Rund um die Uhr wird sie von ihren Eltern liebevollst umsorgt. Damit die vierk\u00f6pfige Familie auch manchmal gemeinsam mobil sein kann, muss neben einem geeigneten Fahrzeug auch eine spezielle Transporthilfe angeschafft werden. Die Kosten daf\u00fcr \u00fcbersteigen bei weitem die finanziellen M\u00f6glichkeiten der jungen Familie.<\/p>\n<p>Wir m\u00f6chten den Eltern der kleinen E. helfen, damit die \u201eAnsparzeit\u201c \u00a0auf eine \u00a0geeignete Transporthilfe erheblich verk\u00fcrzt wird.<\/p>\n<p>Mit Ihrer\/Eurer Hilfe wird uns das auch gelingen!<\/p>\n","protected":false},"excerpt":{"rendered":"<div class=\"mh-excerpt\"><p>[2018-11-15] &#8230; oder doch? Jeden Mittwoch trifft sich das Kreativ-Team unserer Pfarrgemeinde im Pfarrhaus und verschenkt gro\u00dfz\u00fcgig jede Menge Zeit, verschenkt seine unterschiedlichsten Talente und F\u00e4higkeiten, um am Ende einfach nur Freude zu schenken. Freude <a class=\"mh-excerpt-more\" href=\"https:\/\/hallein-evangelisch.at\/wp\/?p=5458\" title=\"Wir haben nix zu verschenken!?\">[&#8230;]<\/a><\/p>\n<\/div>","protected":false},"author":8,"featured_media":5459,"comment_status":"closed","ping_status":"closed","sticky":false,"template":"","format":"standard","meta":{"footnotes":""},"categories":[1],"tags":[32],"class_list":{"0":"post-5458","1":"post","2":"type-post","3":"status-publish","4":"format-standard","5":"has-post-thumbnail","7":"category-allgemein","8":"tag-adventmarkt"},"_links":{"self":[{"href":"https:\/\/hallein-evangelisch.at\/wp\/index.php?rest_route=\/wp\/v2\/posts\/5458","targetHints":{"allow":["GET"]}}],"collection":[{"href":"https:\/\/hallein-evangelisch.at\/wp\/index.php?rest_route=\/wp\/v2\/posts"}],"about":[{"href":"https:\/\/hallein-evangelisch.at\/wp\/index.php?rest_route=\/wp\/v2\/types\/post"}],"author":[{"embeddable":true,"href":"https:\/\/hallein-evangelisch.at\/wp\/index.php?rest_route=\/wp\/v2\/users\/8"}],"replies":[{"embeddable":true,"href":"https:\/\/hallein-evangelisch.at\/wp\/index.php?rest_route=%2Fwp%2Fv2%2Fcomments&post=5458"}],"version-history":[{"count":5,"href":"https:\/\/hallein-evangelisch.at\/wp\/index.php?rest_route=\/wp\/v2\/posts\/5458\/revisions"}],"predecessor-version":[{"id":5551,"href":"https:\/\/hallein-evangelisch.at\/wp\/index.php?rest_route=\/wp\/v2\/posts\/5458\/revisions\/5551"}],"wp:featuredmedia":[{"embeddable":true,"href":"https:\/\/hallein-evangelisch.at\/wp\/index.php?rest_route=\/wp\/v2\/media\/5459"}],"wp:attachment":[{"href":"https:\/\/hallein-evangelisch.at\/wp\/index.php?rest_route=%2Fwp%2Fv2%2Fmedia&parent=5458"}],"wp:term":[{"taxonomy":"category","embeddable":true,"href":"https:\/\/hallein-evangelisch.at\/wp\/index.php?rest_route=%2Fwp%2Fv2%2Fcategories&post=5458"},{"taxonomy":"post_tag","embeddable":true,"href":"https:\/\/hallein-evangelisch.at\/wp\/index.php?rest_route=%2Fwp%2Fv2%2Ftags&post=5458"}],"curies":[{"name":"wp","href":"https:\/\/api.w.org\/{rel}","templated":true}]}}