{"id":5463,"date":"2018-11-23T00:00:47","date_gmt":"2018-11-22T23:00:47","guid":{"rendered":"http:\/\/hallein-evangelisch.at\/wp\/?p=5463"},"modified":"2018-12-02T09:35:15","modified_gmt":"2018-12-02T08:35:15","slug":"16-offenes-singen-zum-advent","status":"publish","type":"post","link":"https:\/\/hallein-evangelisch.at\/wp\/?p=5463","title":{"rendered":"16. Offenes Singen zum Advent"},"content":{"rendered":"<p>[2018-11-22]<\/p>\n<h3>16. Offenes Singen zum Advent mit Wolfgang und Gabriele Guttmann<\/h3>\n<ul>\n<li>1.Adventsamstag, 1. Dez. 2018, 19.30 Uhr, Evangelische Kirche Hallein<\/li>\n<li>Unterst\u00fctzt vom Stille Nacht Museum Hallein<\/li>\n<\/ul>\n<p><img loading=\"lazy\" decoding=\"async\" class=\"alignleft wp-image-5464 size-full\" src=\"http:\/\/hallein-evangelisch.at\/wp\/wp-content\/uploads\/2018\/11\/screenshot_11.11.1809.42.jpg\" alt=\"\" width=\"315\" height=\"478\" \/>Eine \u00e4u\u00dferst beliebte Halleiner Advent-Veranstaltungfindet auch heuer seine Fortsetzung. Bereits zum16.Mal laden Wolfgang Guttmann und seine Frau Gabriele zu einem gemeinsamen Singen in die Evangelische Kirche Hallein ein und spannen einen bunten Bogen von vertrauten Volksweisen bis zu internationalem, weihnachtlichem Liedgut.<\/p>\n<p>Die unterschiedlichen Vorkenntnisse unserer S\u00e4ngerschar sind uns bewusst und wir freuen uns auf diese Herausforderung, meint Wolfgang Guttmann, Tr\u00e4ger des Salzburger Volkskulturpreises 2013. In einer angenehmen Atmosph\u00e4re ohne Druck zur Perfektion wird es sicherlich auch heuer wieder gelingen, alle S\u00e4ngerinnen und S\u00e4nger zu einer fr\u00f6hlichen Chorgemeinschaft zu formen.<\/p>\n<p>Das 200-Jahr-Jubil\u00e4um der Urauff\u00fchrung von \u201eStille Nacht! Heilige Nacht!\u201c am 24. Dezember 1818 und die Wiederer\u00f6ffnung des Stille Nacht Museum Hallein sind Anlass f\u00fcr einen umfangreichen Veranstaltungsreigen in unserer Stadt. Unser gemeinsames Singen legt daher ebenfalls ein Augenmerk auf das Schaffen des langj\u00e4hrigen Halleiner Chorregenten F.X. Gruber und seine Zeit.<\/p>\n<p>Kommet zu Hauf und nehmt auch eure sangesfreudigen Freunde mit!<br \/>\nDer Eintritt ist frei.<\/p>\n","protected":false},"excerpt":{"rendered":"<div class=\"mh-excerpt\"><p>[2018-11-22] 16. Offenes Singen zum Advent mit Wolfgang und Gabriele Guttmann 1.Adventsamstag, 1. Dez. 2018, 19.30 Uhr, Evangelische Kirche Hallein Unterst\u00fctzt vom Stille Nacht Museum Hallein Eine \u00e4u\u00dferst beliebte Halleiner Advent-Veranstaltungfindet auch heuer seine Fortsetzung. <a class=\"mh-excerpt-more\" href=\"https:\/\/hallein-evangelisch.at\/wp\/?p=5463\" title=\"16. Offenes Singen zum Advent\">[&#8230;]<\/a><\/p>\n<\/div>","protected":false},"author":8,"featured_media":5464,"comment_status":"closed","ping_status":"closed","sticky":false,"template":"","format":"standard","meta":{"footnotes":""},"categories":[31],"tags":[49,33,48],"class_list":{"0":"post-5463","1":"post","2":"type-post","3":"status-publish","4":"format-standard","5":"has-post-thumbnail","7":"category-kultur","8":"tag-adventlieder","9":"tag-offenes-singen","10":"tag-singen"},"_links":{"self":[{"href":"https:\/\/hallein-evangelisch.at\/wp\/index.php?rest_route=\/wp\/v2\/posts\/5463","targetHints":{"allow":["GET"]}}],"collection":[{"href":"https:\/\/hallein-evangelisch.at\/wp\/index.php?rest_route=\/wp\/v2\/posts"}],"about":[{"href":"https:\/\/hallein-evangelisch.at\/wp\/index.php?rest_route=\/wp\/v2\/types\/post"}],"author":[{"embeddable":true,"href":"https:\/\/hallein-evangelisch.at\/wp\/index.php?rest_route=\/wp\/v2\/users\/8"}],"replies":[{"embeddable":true,"href":"https:\/\/hallein-evangelisch.at\/wp\/index.php?rest_route=%2Fwp%2Fv2%2Fcomments&post=5463"}],"version-history":[{"count":1,"href":"https:\/\/hallein-evangelisch.at\/wp\/index.php?rest_route=\/wp\/v2\/posts\/5463\/revisions"}],"predecessor-version":[{"id":5465,"href":"https:\/\/hallein-evangelisch.at\/wp\/index.php?rest_route=\/wp\/v2\/posts\/5463\/revisions\/5465"}],"wp:featuredmedia":[{"embeddable":true,"href":"https:\/\/hallein-evangelisch.at\/wp\/index.php?rest_route=\/wp\/v2\/media\/5464"}],"wp:attachment":[{"href":"https:\/\/hallein-evangelisch.at\/wp\/index.php?rest_route=%2Fwp%2Fv2%2Fmedia&parent=5463"}],"wp:term":[{"taxonomy":"category","embeddable":true,"href":"https:\/\/hallein-evangelisch.at\/wp\/index.php?rest_route=%2Fwp%2Fv2%2Fcategories&post=5463"},{"taxonomy":"post_tag","embeddable":true,"href":"https:\/\/hallein-evangelisch.at\/wp\/index.php?rest_route=%2Fwp%2Fv2%2Ftags&post=5463"}],"curies":[{"name":"wp","href":"https:\/\/api.w.org\/{rel}","templated":true}]}}