{"id":5554,"date":"2018-11-10T23:24:57","date_gmt":"2018-11-10T22:24:57","guid":{"rendered":"http:\/\/hallein-evangelisch.at\/wp\/?p=5554"},"modified":"2018-11-27T10:07:25","modified_gmt":"2018-11-27T09:07:25","slug":"1919-den-gruber-taets-freuen","status":"publish","type":"post","link":"https:\/\/hallein-evangelisch.at\/wp\/?p=5554","title":{"rendered":"19:19 Den Gruber t\u00e4t\u00b4s freuen"},"content":{"rendered":"<p>[2018-11-10]<\/p>\n<p><img loading=\"lazy\" decoding=\"async\" class=\"wp-image-5558 alignleft\" src=\"http:\/\/hallein-evangelisch.at\/wp\/wp-content\/uploads\/2018\/11\/fxgruber-502x600.jpg\" alt=\"\" width=\"300\" height=\"359\" srcset=\"https:\/\/hallein-evangelisch.at\/wp\/wp-content\/uploads\/2018\/11\/fxgruber-502x600.jpg 502w, https:\/\/hallein-evangelisch.at\/wp\/wp-content\/uploads\/2018\/11\/fxgruber.jpg 800w\" sizes=\"auto, (max-width: 300px) 100vw, 300px\" \/>Virtuose Kostbarkeiten von Zeitgenossen Grubers wie Schubert und Diabelli werden zu Geh\u00f6r gebracht und spannen den musikalischen Bogen bis in die Gegenwart. Der langj\u00e4hrige Leiter der Sommerakademie am Salzburger Mozarteum und international renommierte Komponist Alexander M\u00fcllenbach pr\u00e4sentiert sein Auftragswerk zum Jubil\u00e4umsjahr \u201eVariationen \u00fcber Stille Nacht\u201c. Auch die Kopie der \u201eMohr-Gitarre\u201c erklingt im Zuge des au\u00dfergew\u00f6hnlichen Programms.<\/p>\n<h4>Mittwoch, 19. Dezember 2018<br \/>\num 19:19 Uhr<br \/>\nEvangelische Kirche Hallein<\/h4>\n<p>Martina Mathur, Gesang und Gitarre<br \/>\nDavid Gruber, Fl\u00f6te<br \/>\nGeorg Winkler, Klarinette<br \/>\nWolfgang Guttmann, Gitarre und Moderation<br \/>\nKooperation mit Stille Nacht Hallein<br \/>\nEintritt: EUR 16.&#8211; (mit Erm\u00e4\u00dfigung EUR 10.&#8211;)<\/p>\n","protected":false},"excerpt":{"rendered":"<div class=\"mh-excerpt\"><p>[2018-11-10] Virtuose Kostbarkeiten von Zeitgenossen Grubers wie Schubert und Diabelli werden zu Geh\u00f6r gebracht und spannen den musikalischen Bogen bis in die Gegenwart. Der langj\u00e4hrige Leiter der Sommerakademie am Salzburger Mozarteum und international renommierte Komponist <a class=\"mh-excerpt-more\" href=\"https:\/\/hallein-evangelisch.at\/wp\/?p=5554\" title=\"19:19 Den Gruber t\u00e4t\u00b4s freuen\">[&#8230;]<\/a><\/p>\n<\/div>","protected":false},"author":8,"featured_media":5558,"comment_status":"closed","ping_status":"closed","sticky":false,"template":"","format":"standard","meta":{"footnotes":""},"categories":[31],"tags":[34],"class_list":{"0":"post-5554","1":"post","2":"type-post","3":"status-publish","4":"format-standard","5":"has-post-thumbnail","7":"category-kultur","8":"tag-1919_2018_12"},"_links":{"self":[{"href":"https:\/\/hallein-evangelisch.at\/wp\/index.php?rest_route=\/wp\/v2\/posts\/5554","targetHints":{"allow":["GET"]}}],"collection":[{"href":"https:\/\/hallein-evangelisch.at\/wp\/index.php?rest_route=\/wp\/v2\/posts"}],"about":[{"href":"https:\/\/hallein-evangelisch.at\/wp\/index.php?rest_route=\/wp\/v2\/types\/post"}],"author":[{"embeddable":true,"href":"https:\/\/hallein-evangelisch.at\/wp\/index.php?rest_route=\/wp\/v2\/users\/8"}],"replies":[{"embeddable":true,"href":"https:\/\/hallein-evangelisch.at\/wp\/index.php?rest_route=%2Fwp%2Fv2%2Fcomments&post=5554"}],"version-history":[{"count":7,"href":"https:\/\/hallein-evangelisch.at\/wp\/index.php?rest_route=\/wp\/v2\/posts\/5554\/revisions"}],"predecessor-version":[{"id":5572,"href":"https:\/\/hallein-evangelisch.at\/wp\/index.php?rest_route=\/wp\/v2\/posts\/5554\/revisions\/5572"}],"wp:featuredmedia":[{"embeddable":true,"href":"https:\/\/hallein-evangelisch.at\/wp\/index.php?rest_route=\/wp\/v2\/media\/5558"}],"wp:attachment":[{"href":"https:\/\/hallein-evangelisch.at\/wp\/index.php?rest_route=%2Fwp%2Fv2%2Fmedia&parent=5554"}],"wp:term":[{"taxonomy":"category","embeddable":true,"href":"https:\/\/hallein-evangelisch.at\/wp\/index.php?rest_route=%2Fwp%2Fv2%2Fcategories&post=5554"},{"taxonomy":"post_tag","embeddable":true,"href":"https:\/\/hallein-evangelisch.at\/wp\/index.php?rest_route=%2Fwp%2Fv2%2Ftags&post=5554"}],"curies":[{"name":"wp","href":"https:\/\/api.w.org\/{rel}","templated":true}]}}