{"id":5619,"date":"2018-11-01T00:00:44","date_gmt":"2018-10-31T23:00:44","guid":{"rendered":"http:\/\/hallein-evangelisch.at\/wp\/?p=5619"},"modified":"2018-12-03T15:06:37","modified_gmt":"2018-12-03T14:06:37","slug":"das-besondere-adventkonzert","status":"publish","type":"post","link":"https:\/\/hallein-evangelisch.at\/wp\/?p=5619","title":{"rendered":"Das besondere Adventkonzert"},"content":{"rendered":"<p>[2018-10-31]<\/p>\n<h2><strong>Magnificat BWV 243 &amp; Weihnachtsoratorium Teil I BWV 248<br \/>\n<\/strong><strong>Sonntag, 09. Dezember 2018 \u2013 18 Uhr Salzburg Christuskirche<\/strong><\/h2>\n<p>Liebe Freundinnen und Freunde von BachWerkVokal Salzburg!<\/p>\n<p>Nun beginnt sie wieder, eine der sch\u00f6nsten Zeiten des Jahres &#8211; die Adventszeit!\u00a0Unser kommendes Konzert stellen wir ganz unter das adventliche Motto \u201eMagnificat\u201c.\u00a0Erleben Sie unterschiedlichste Vertonungen dieses innigen Textes, den eine Frau spricht, als ihr bewusst wird, dass sie ein Kind erwartet.<\/p>\n<p>Im Zentrum des Abendprogramms steht das Magnificat Johann Sebastian Bachs mit den volkst\u00fcmlichen Einlages\u00e4tzen, die Bach eigens f\u00fcr die Auff\u00fchrung in der Leipziger Christvesper am Heiligen Abend schuf. Ein Werk, das den festlichen \u201eWeihnachtston\u201c anstimmt, aber auch die zarten, melancholischen Farben entfaltet.<\/p>\n<p>Weitere Magnificat-Vertonungen, wie die gro\u00dfe romantische Motette von Felix Mendelssohn-Bartholdy (Op.69,3), den modernen \u201eKlassiker\u201c von Arvo P\u00e4rt (Magnificat 1989) und das ber\u00fchmte achtstimmige Deutsche Magnificat\u00a0SWV 494 von Heinrich Sch\u00fctz k\u00f6nnen Sie an diesem Abend in der Christuskirche zu Salzburg raumwirksam inszeniert, in unterschiedlichsten Ensembleaufstellungen, erleben.<\/p>\n<p>Zum Schluss des Konzertes soll das Werk erklingen, das wohl wie kein anderes weltweit f\u00fcr Weihnachten steht, f\u00fcr viele Menschen \u201eWeihnachten\u201c bedeutet und Weihnachten erst zu Weihnachten macht. In diesem Sinne m\u00fcndet der Abend in den Teil I aus Bachs Weihnachtsoratorium: \u201eJauchzet, frohlocket! Auf, preiset die Tage!\u201c<br \/>\nAu\u00dferdem d\u00fcrfen Sie sich alle auf eine \u00dcberraschung freuen, denn das darf im Advent und erst recht zu Weihachten auch nicht fehlen!<\/p>\n<p>Wir freuen uns auf Ihren Besuch am Sonntag, den 09. Dezember 2018 bei BachWerkVokal in der Christuskirche zu Salzburg und w\u00fcnschen Ihnen an dieser Stelle eine besinnliche und ruhige Adventszeit.<\/p>\n<p>Sichern Sie sich jetzt Ihre Tickets und schenken Sie sich und Ihren Freunden, Bekannten und Verwandten ein unvergessliches Konzerterlebnis mit BachWerkVokal Salzburg.<\/p>\n<p>Ihr Gordon Safari &#8211; K\u00fcnstlerische Leitung BachWerkVokal Salzburg<\/p>\n<ul>\n<li>Tickets \u20ac 10 (Studenten) &#8211; \u20ac 28 (Erm\u00e4\u00dfigungen f\u00fcr Pensionisten):<\/li>\n<li>0699 188 77 870<\/li>\n<li>karten@bachwerkvokal.com<\/li>\n<\/ul>\n","protected":false},"excerpt":{"rendered":"<div class=\"mh-excerpt\"><p>[2018-10-31] Magnificat BWV 243 &amp; Weihnachtsoratorium Teil I BWV 248 Sonntag, 09. Dezember 2018 \u2013 18 Uhr Salzburg Christuskirche Liebe Freundinnen und Freunde von BachWerkVokal Salzburg! Nun beginnt sie wieder, eine der sch\u00f6nsten Zeiten des <a class=\"mh-excerpt-more\" href=\"https:\/\/hallein-evangelisch.at\/wp\/?p=5619\" title=\"Das besondere Adventkonzert\">[&#8230;]<\/a><\/p>\n<\/div>","protected":false},"author":8,"featured_media":5593,"comment_status":"closed","ping_status":"closed","sticky":false,"template":"","format":"standard","meta":{"footnotes":""},"categories":[31],"tags":[52],"class_list":{"0":"post-5619","1":"post","2":"type-post","3":"status-publish","4":"format-standard","5":"has-post-thumbnail","7":"category-kultur","8":"tag-adventkonzert"},"_links":{"self":[{"href":"https:\/\/hallein-evangelisch.at\/wp\/index.php?rest_route=\/wp\/v2\/posts\/5619","targetHints":{"allow":["GET"]}}],"collection":[{"href":"https:\/\/hallein-evangelisch.at\/wp\/index.php?rest_route=\/wp\/v2\/posts"}],"about":[{"href":"https:\/\/hallein-evangelisch.at\/wp\/index.php?rest_route=\/wp\/v2\/types\/post"}],"author":[{"embeddable":true,"href":"https:\/\/hallein-evangelisch.at\/wp\/index.php?rest_route=\/wp\/v2\/users\/8"}],"replies":[{"embeddable":true,"href":"https:\/\/hallein-evangelisch.at\/wp\/index.php?rest_route=%2Fwp%2Fv2%2Fcomments&post=5619"}],"version-history":[{"count":2,"href":"https:\/\/hallein-evangelisch.at\/wp\/index.php?rest_route=\/wp\/v2\/posts\/5619\/revisions"}],"predecessor-version":[{"id":5621,"href":"https:\/\/hallein-evangelisch.at\/wp\/index.php?rest_route=\/wp\/v2\/posts\/5619\/revisions\/5621"}],"wp:featuredmedia":[{"embeddable":true,"href":"https:\/\/hallein-evangelisch.at\/wp\/index.php?rest_route=\/wp\/v2\/media\/5593"}],"wp:attachment":[{"href":"https:\/\/hallein-evangelisch.at\/wp\/index.php?rest_route=%2Fwp%2Fv2%2Fmedia&parent=5619"}],"wp:term":[{"taxonomy":"category","embeddable":true,"href":"https:\/\/hallein-evangelisch.at\/wp\/index.php?rest_route=%2Fwp%2Fv2%2Fcategories&post=5619"},{"taxonomy":"post_tag","embeddable":true,"href":"https:\/\/hallein-evangelisch.at\/wp\/index.php?rest_route=%2Fwp%2Fv2%2Ftags&post=5619"}],"curies":[{"name":"wp","href":"https:\/\/api.w.org\/{rel}","templated":true}]}}