{"id":5995,"date":"2019-03-01T10:19:48","date_gmt":"2019-03-01T09:19:48","guid":{"rendered":"http:\/\/hallein-evangelisch.at\/wp\/?p=5995"},"modified":"2019-07-14T22:02:26","modified_gmt":"2019-07-14T20:02:26","slug":"auf-den-spuren-martin-luthers","status":"publish","type":"post","link":"https:\/\/hallein-evangelisch.at\/wp\/?p=5995","title":{"rendered":"Auf den Spuren Martin Luthers"},"content":{"rendered":"<p>[2019-03-01]<\/p>\n<p>Liebe Interessierte und m\u00f6gliche Teilnehmerinnen und Teilnehmer der Bildungsreise von Samstag, 13., bis Freitag, 19. Juli 2019 &#8222;Auf den Spuren Martin Luthers \u2013 Zwickau, Wittenberg, Eisleben, Mansfeld, Torgau, Brandenburg, Jena&#8220;!<\/p>\n<p>Schwerpunkt unserer Reise ist Martin Luther in Wittenberg, dazu mit \u00a0Eisleben \/ Mansfeld und Torgau ganz wichtige Orte seines Wirkens.\u00a0Wir sind die ganze Zeit untergebracht im Lutherhotel in Wittenberg. Dort habe ich 15 Doppelzimmer und 15 Einzelzimmer gebucht.\u00a0\u00dcberlegt also bitte auch, wer unbedingt ein Einzelzimmer braucht und wer sich vorstellen kann, mit jemandem ein Doppelzimmer zu teilen!<\/p>\n<p>Im Reisepreis enthalten sind die Busfahrt &#8211; wieder mit der Firma Schwab aus Gr\u00f6dig und Hermann &#8211; \u00a0\u00dcbernachtung mit Fr\u00fchst\u00fcck sowie ein Abendessen im Hotel, das Mittagessen in Eisleben, alle F\u00fchrungskosten und Eintritte sowie die Schiffsfahrt. Um die Verpflegung an den anderen Mittagen muss sich jede\/r selber k\u00fcmmern! F\u00fcr die Abende werde ich wieder jeweils ein Restaurant in Wittenberg f\u00fcr uns reservieren.<\/p>\n<p>Der Preis pro Person betr\u00e4gt \u20ac 570,00 im DZ bzw. \u20ac 620,00 im EZ!<\/p>\n<p>Ich bitte um baldige R\u00fcckmeldung, wer mitfahren kann\/m\u00f6chte, damit ich f\u00fcr evtl. freie Pl\u00e4tze weitere Personen suchen kann!<\/p>\n<p>Weiters bitte ich darum, bis sp\u00e4testens zum1. Mai \u20ac 300,-als Anzahlung auf folgendes\u00a0Konto zu \u00fcberweisen:<\/p>\n<ul>\n<li>Kontoinhaber: Peter Gabriel<\/li>\n<li>Salzburger Sparkasse<\/li>\n<li>IBAN: AT082040401100710129<\/li>\n<li>BIC: SBGSAT2S<\/li>\n<\/ul>\n<p>Der Restbetrag (\u20ac 270,00 bzw. \u20ac 320,00) ist dann bis zum 1. Juli f\u00e4llig. M\u00f6glich ist es nat\u00fcrlich auch, gleich den gesamten Betrag zu \u00fcberweisen.<\/p>\n<p>Bitte an g\u00fcltigen Reisepass oder Personalausweisdenken!<\/p>\n<p>Ich freue mich sehr auf die gemeinsamen Tage und hoffentlich viele interessante neue Eindr\u00fccke und Erlebnisse!<\/p>\n<p><em>Peter Gabriel, Pfarrer<\/em><\/p>\n<h2>Vorl\u00e4ufiger Programmablauf<\/h2>\n<ul>\n<li><strong>Samstag, 13. Juli<\/strong><br \/>\nAbfahrt: 06.00 Uhr am Evang. Pfarrhaus Hallein(Davisstr. 38; Parkpl\u00e4tze vorhanden)<br \/>\nFahrt mit Reisebus der Firma Schwab(www.schwab-reisen.at; 06246\/72492-0) von Hallein nach Zwickau (ca. 500 km, https:\/\/www.zwickautourist.de), ca. 8 Std. (inkl. Pausen)<br \/>\n14.00 Uhr: Stadtf\u00fchrung \u201eLutherweg \u2013 St\u00e4tten der Reformation\u201c mit Dom St. Marien (2 Std.)<br \/>\n16.00 Uhr: Fahrt nach Wittenberg (ca. 206 km, https:\/\/lutherstadt-wittenberg.de), 2-3 Std., Einchecken im \u201eLuther-Hotel\u201c, Neustr. 7-10, 06886 Lutherstadt Wittenberg (0049-3491\/4580; www.luther-hotel-wittenberg.de)<br \/>\n19.30 Uhr:Abendessen<\/li>\n<li><strong>Sonntag, 14. Juli<\/strong><br \/>\nab 06.30 Uhr: Fr\u00fchst\u00fcck<br \/>\n10.00 Uhr: Gottesdienst, Stadtkirche St. Marien (https:\/\/www.stadtkirchengemeinde-wittenberg.de)<br \/>\n11.30 Uhr: F\u00fchrung in der Stadtkirche<br \/>\n13.00 Uhr: Mittagspause<br \/>\n14.30 Uhr: Stadtf\u00fchrung mit Schwerpunkt Martin Luther und Reformation, Besichtigung der Schlosskirche (2 Std.)<br \/>\n17.00 Uhr: F\u00fchrung im Asisi-Panorama (3\/4 Std.)<br \/>\n19.00 Uhr:Abendessen<\/li>\n<li><strong>Montag, 15. Juli<\/strong><br \/>\n08.00 Uhr: Fahrt nach Eisleben (ca. 115 km, https:\/\/www.lutherstaedte-eisleben-mansfeld.de)<br \/>\n10.00 Uhr: F\u00fchrung Annenkirche, Sterbehaus Lutherund Gang durch die Altstadt (insges. ca. 2 Std.)<br \/>\n12.00 Uhr: gemeinsames Mittagessen \u201eLutherschenke\u201c (Lutherstr. 19, www.lutherschenke-eisleben.de)<br \/>\n13.30 Uhr: F\u00fchrung Luthers Geburtshaus, St. Petri-Pauli Kirche (ca. 1,5 Std.)<br \/>\n15.00\/15 Uhr: Fahrt nach Mansfeld (ca. 15 km)<br \/>\n16.00 Uhr: Besichtigung Luthers Elternhaus<br \/>\n17.00 Uhr: R\u00fcckfahrt nach Wittenberg (ca. 110 km)<br \/>\n19.00 Uhr:Abendessen<\/li>\n<li><strong>Dienstag, 16. Juli<\/strong><br \/>\n08.00 Uhr: Fahrt nach Torgau (ca. 47 km, http:\/\/www.tic-torgau.de\/)<br \/>\n09.30 Uhr: F\u00fchrung \u201eMartin Luther, Katharina von Bora u die Reformation in Torgau\u201c (2 Std.) mit Besichtigung der Stadtkirche, der Katharina-Luther-Stube und des Spalatinhauses<br \/>\n11.30 Uhr: Pause<br \/>\n14.00 Uhr: F\u00fchrung in der Schlosskirche durch Kirchenmusikdirektor Ekkehard Saretz \u201eJohann Walter \u2013 der Kantor der Reformation\u201c mit Orgelmusik (3\/4 Std.)<br \/>\n14.45 Uhr: Pause, evtl. im Schlosscaf\u00e9<br \/>\n15.30 Uhr: F\u00fchrung im Renaissanceschloss Hartenfels (1,5 Std.), Treffpunkt vor Schloss am B\u00e4rengraben anschl. Zeit zur individuellen Besichtigung<br \/>\n18.00 Uhr: R\u00fcckfahrt nach Wittenberg<br \/>\n20.00 Uhr:Abendessen<\/li>\n<li><strong>Mittwoch, 17. Juli<\/strong><br \/>\n08.00 Uhr:\u00a0 Fahrt nach Brandenburg (ca. 90 km, ) 1,5 Std. ( https:\/\/www.stadt-brandenburg.de)<br \/>\n10.00 Uhr: Stadtf\u00fchrung mit Dom St. Peter und Paul, St. Gotthardt, Katharinenkirche, Nikolaikirche, Rathaus, Stadtmauer (3 Std.)<br \/>\n13.00 Uhr: Mittagspause<br \/>\n15.30 Uhr: M\u00fchlenrundfahrt mit dem Schiff (1,5 Std., https:\/\/www.nordstern-reederei.de)<br \/>\n17.00 Uhr: R\u00fcckfahrt nach Wittenberg (ca. 90 km), 1,5 Std.<br \/>\n19.30 Uhr:Abendesse<\/li>\n<li><strong>Donnerstag, 18. Juli<\/strong><br \/>\n08.30 Uhr: F\u00fchrung \u201eAuf den Spuren von Katharina von Bora\u201c bzw. \u201cAuf den Spuren von Philipp Melanchthon\u201c (2 unterschiedliche Gruppen, Wechsel am Nachmittag, jeweils 2 Std.)<br \/>\nab 10.30 Uhr: individuelle Besichtigungsm\u00f6glichkeit des Lutherhauses (https:\/\/lutherstadt-wittenberg.de\/kultur\/unesco-weltkulturerbe\/lutherhaus\/) bzw. des Melanchthonhauses (https:\/\/lutherstadt-wittenberg.de\/kultur\/unesco-weltkulturerbe\/melanchthonhaus\/)<br \/>\n12.00 Uhr Schlosskirche: Orgelpunkt<br \/>\nMittagspause, freie Zeit, evtl. Besuch der Cranachh\u00e4user<br \/>\n14.30\u00a0 Uhr: F\u00fchrung \u201eAuf den Spuren von Katharina von Bora\u201c bzw. \u201cAuf den Spuren von Philipp Melanchthon\u201c (2 unterschiedliche Gruppen, jeweils 2 Std.)<br \/>\nab 16.30 Uhr: individuelle Besichtigungsm\u00f6glichkeit Luther-bzw. Melanchthonh<br \/>\n19.00 Uhr:Abendessen<\/li>\n<li><strong>Freitag, 19. Juli<\/strong><br \/>\nab 06.30 Uhr: Fr\u00fchst\u00fcck und Auschecken<br \/>\n08.00 Uhr: Fahrt nach Jena (ca. 170 km, https:\/\/www.visit-jena.de), ca. 2,5 Std.<br \/>\n10.30 Uhr: F\u00fchrung \u201eMartin Luther und die Reformation in Jena (2 Std.) mit Stadtkirche St. Michael, Collegium Jenense<br \/>\nca. 13.30 Uhr: R\u00fcckfahrt nach Hallein (ca. 519 km), ca. 6-7 Std. (inkl. Pausen)<br \/>\nvoraussichtliche Ankunft: ca. 20.30 Uhr<\/li>\n<\/ul>\n","protected":false},"excerpt":{"rendered":"<div class=\"mh-excerpt\"><p>[2019-03-01] Liebe Interessierte und m\u00f6gliche Teilnehmerinnen und Teilnehmer der Bildungsreise von Samstag, 13., bis Freitag, 19. Juli 2019 &#8222;Auf den Spuren Martin Luthers \u2013 Zwickau, Wittenberg, Eisleben, Mansfeld, Torgau, Brandenburg, Jena&#8220;! Schwerpunkt unserer Reise ist <a class=\"mh-excerpt-more\" href=\"https:\/\/hallein-evangelisch.at\/wp\/?p=5995\" title=\"Auf den Spuren Martin Luthers\">[&#8230;]<\/a><\/p>\n<\/div>","protected":false},"author":8,"featured_media":5997,"comment_status":"closed","ping_status":"closed","sticky":false,"template":"","format":"standard","meta":{"footnotes":""},"categories":[31],"tags":[],"class_list":{"0":"post-5995","1":"post","2":"type-post","3":"status-publish","4":"format-standard","5":"has-post-thumbnail","7":"category-kultur"},"_links":{"self":[{"href":"https:\/\/hallein-evangelisch.at\/wp\/index.php?rest_route=\/wp\/v2\/posts\/5995","targetHints":{"allow":["GET"]}}],"collection":[{"href":"https:\/\/hallein-evangelisch.at\/wp\/index.php?rest_route=\/wp\/v2\/posts"}],"about":[{"href":"https:\/\/hallein-evangelisch.at\/wp\/index.php?rest_route=\/wp\/v2\/types\/post"}],"author":[{"embeddable":true,"href":"https:\/\/hallein-evangelisch.at\/wp\/index.php?rest_route=\/wp\/v2\/users\/8"}],"replies":[{"embeddable":true,"href":"https:\/\/hallein-evangelisch.at\/wp\/index.php?rest_route=%2Fwp%2Fv2%2Fcomments&post=5995"}],"version-history":[{"count":5,"href":"https:\/\/hallein-evangelisch.at\/wp\/index.php?rest_route=\/wp\/v2\/posts\/5995\/revisions"}],"predecessor-version":[{"id":6518,"href":"https:\/\/hallein-evangelisch.at\/wp\/index.php?rest_route=\/wp\/v2\/posts\/5995\/revisions\/6518"}],"wp:featuredmedia":[{"embeddable":true,"href":"https:\/\/hallein-evangelisch.at\/wp\/index.php?rest_route=\/wp\/v2\/media\/5997"}],"wp:attachment":[{"href":"https:\/\/hallein-evangelisch.at\/wp\/index.php?rest_route=%2Fwp%2Fv2%2Fmedia&parent=5995"}],"wp:term":[{"taxonomy":"category","embeddable":true,"href":"https:\/\/hallein-evangelisch.at\/wp\/index.php?rest_route=%2Fwp%2Fv2%2Fcategories&post=5995"},{"taxonomy":"post_tag","embeddable":true,"href":"https:\/\/hallein-evangelisch.at\/wp\/index.php?rest_route=%2Fwp%2Fv2%2Ftags&post=5995"}],"curies":[{"name":"wp","href":"https:\/\/api.w.org\/{rel}","templated":true}]}}