{"id":6110,"date":"2019-03-26T10:00:14","date_gmt":"2019-03-26T09:00:14","guid":{"rendered":"http:\/\/hallein-evangelisch.at\/wp\/?p=6110"},"modified":"2019-04-15T09:52:51","modified_gmt":"2019-04-15T07:52:51","slug":"wichtigkeit-des-karfreitags-zeigen","status":"publish","type":"post","link":"https:\/\/hallein-evangelisch.at\/wp\/?p=6110","title":{"rendered":"Wichtigkeit des Karfreitags zeigen!"},"content":{"rendered":"<p>[2019-03-26]<\/p>\n<p>Liebe evangelische Christinnen und Christen!<\/p>\n<p><img loading=\"lazy\" decoding=\"async\" class=\"alignleft wp-image-6112 size-thumbnail\" src=\"http:\/\/hallein-evangelisch.at\/wp\/wp-content\/uploads\/2019\/03\/bischof_buenker-150x150.jpg\" alt=\"\" width=\"150\" height=\"150\" \/>Am Karfreitag gedenken wir des Kreuzestodes Jesu Christi. Der Karfreitag ist unl\u00f6sbar mit dem Osterfest verbunden. Die vielen Kreuze im \u00f6ffentlichen Raum zeigen, wie verwurzelt der Karfreitag in unserer Kultur ist.<\/p>\n<p>F\u00fcr uns Evangelische ist der Karfreitag besonders wichtig. Im Kreuz sehen wir Gottes Hingabe und Liebe. Karfreitag ruft auf, den Leidenden zu helfen und Leid, wo immer m\u00f6glich, zu verhindern. Daher war es ein guter Schritt, dass der Karfreitag ein gesetzlicher Feiertag f\u00fcr Evangelische und Altkatholische in \u00d6sterreich wurde. Es war auch eine Anerkennung der Evangelischen Kirche als Minderheit nach Jahrhunderten der Unterdr\u00fcckung in \u00d6sterreich.<\/p>\n<p>Nun wurde diese gute Regelung aufgehoben und uns der Karfreitag als Feiertag genommen. Der erste Vorschlag mit dem halben Feiertag h\u00e4tte unser Gottesdienstleben zerst\u00f6rt. Das Schlimmste ist verhindert worden. Das hat bei mir und anderen zun\u00e4chst Erleichterung ausgel\u00f6st. Aber dass Evangelische nun einen Urlaubstag nehmen m\u00fcssen, um am Karfreitag den Gottesdienst besuchen zu k\u00f6nnen, lehnen wir strikt ab. Wir pr\u00fcfen auch rechtliche Schritte.<\/p>\n<p>F\u00fcr den kommenden Karfreitag am 19. April rufe ich auf, m\u00f6glichst zahlreich an den Gottesdiensten teilzunehmen: Zeigen wir, wie wichtig der Karfreitag ist! Wer dazu einen Urlaubstag nehmen muss, hat das sp\u00e4testens zwei Wochen vor dem 19. April beim Arbeitgeber zu melden. Ich bedanke mich bei allen, die dazu bereit sind! Das ist ein wichtiges Bekenntnis zu unserem evangelischen Glauben.<\/p>\n<p>Ich w\u00fcnsche Ihnen einen besinnlichen Karfreitag und ein gesegnetes Osterfest!<\/p>\n<p><em>Bischof Michael B\u00fcnker<\/em><\/p>\n","protected":false},"excerpt":{"rendered":"<div class=\"mh-excerpt\"><p>[2019-03-26] Liebe evangelische Christinnen und Christen! Am Karfreitag gedenken wir des Kreuzestodes Jesu Christi. Der Karfreitag ist unl\u00f6sbar mit dem Osterfest verbunden. Die vielen Kreuze im \u00f6ffentlichen Raum zeigen, wie verwurzelt der Karfreitag in unserer <a class=\"mh-excerpt-more\" href=\"https:\/\/hallein-evangelisch.at\/wp\/?p=6110\" title=\"Wichtigkeit des Karfreitags zeigen!\">[&#8230;]<\/a><\/p>\n<\/div>","protected":false},"author":8,"featured_media":6112,"comment_status":"closed","ping_status":"closed","sticky":false,"template":"","format":"standard","meta":{"footnotes":""},"categories":[1,74],"tags":[],"class_list":{"0":"post-6110","1":"post","2":"type-post","3":"status-publish","4":"format-standard","5":"has-post-thumbnail","7":"category-allgemein","8":"category-karfreitag"},"_links":{"self":[{"href":"https:\/\/hallein-evangelisch.at\/wp\/index.php?rest_route=\/wp\/v2\/posts\/6110","targetHints":{"allow":["GET"]}}],"collection":[{"href":"https:\/\/hallein-evangelisch.at\/wp\/index.php?rest_route=\/wp\/v2\/posts"}],"about":[{"href":"https:\/\/hallein-evangelisch.at\/wp\/index.php?rest_route=\/wp\/v2\/types\/post"}],"author":[{"embeddable":true,"href":"https:\/\/hallein-evangelisch.at\/wp\/index.php?rest_route=\/wp\/v2\/users\/8"}],"replies":[{"embeddable":true,"href":"https:\/\/hallein-evangelisch.at\/wp\/index.php?rest_route=%2Fwp%2Fv2%2Fcomments&post=6110"}],"version-history":[{"count":3,"href":"https:\/\/hallein-evangelisch.at\/wp\/index.php?rest_route=\/wp\/v2\/posts\/6110\/revisions"}],"predecessor-version":[{"id":6114,"href":"https:\/\/hallein-evangelisch.at\/wp\/index.php?rest_route=\/wp\/v2\/posts\/6110\/revisions\/6114"}],"wp:featuredmedia":[{"embeddable":true,"href":"https:\/\/hallein-evangelisch.at\/wp\/index.php?rest_route=\/wp\/v2\/media\/6112"}],"wp:attachment":[{"href":"https:\/\/hallein-evangelisch.at\/wp\/index.php?rest_route=%2Fwp%2Fv2%2Fmedia&parent=6110"}],"wp:term":[{"taxonomy":"category","embeddable":true,"href":"https:\/\/hallein-evangelisch.at\/wp\/index.php?rest_route=%2Fwp%2Fv2%2Fcategories&post=6110"},{"taxonomy":"post_tag","embeddable":true,"href":"https:\/\/hallein-evangelisch.at\/wp\/index.php?rest_route=%2Fwp%2Fv2%2Ftags&post=6110"}],"curies":[{"name":"wp","href":"https:\/\/api.w.org\/{rel}","templated":true}]}}