{"id":6121,"date":"2019-03-24T18:33:18","date_gmt":"2019-03-24T17:33:18","guid":{"rendered":"http:\/\/hallein-evangelisch.at\/wp\/?p=6121"},"modified":"2019-03-24T23:16:21","modified_gmt":"2019-03-24T22:16:21","slug":"superding","status":"publish","type":"post","link":"https:\/\/hallein-evangelisch.at\/wp\/?p=6121","title":{"rendered":"Superding"},"content":{"rendered":"<p>[2019-03-24]<\/p>\n<p>Die absolute Supershow am 6. April um 15:00 in der Halleiner Schaitberger Kirche.<\/p>\n<p>Die kleine Cantorey unter der Leitung von Gordon Safari und Silke Stein sucht das n\u00e4chste gro\u00dfe Superding. Was oder wer genau das allerdings sein soll, davon haben die kleinen Nachwuchstalente (noch) keine Ahnung.<\/p>\n<p>Fest steht allerdings, dass in diesem fulminant, bunten B\u00fchnenereignis kein Auge trocken bleibt.<\/p>\n<p>Nach Ideen der Kinder entstand die Eigenproduktion der kleinen Cantorey. Silke Stein hat diese zusammen getragen und daraus ein einzigartiges, mitrei\u00dfendes Musical geschrieben.<\/p>\n<p>Erleben Sie die \u201eFast-Auftritte\u201c von Astronauten, Tigern und Schlager Stars und freuen Sie sich auch auf viele weitere \u00dcberraschungsg\u00e4ste. Garniert mit mitrei\u00dfender Musik und gro\u00dfartigen Showeinlagen, verspricht dieses Musical in der Tat das n\u00e4chste gro\u00dfe Superding zu werden.<\/p>\n<p><a href=\"http:\/\/hallein-evangelisch.at\/wp\/wp-content\/uploads\/2019\/03\/Musical_Superding-A5.jpg\"><img loading=\"lazy\" decoding=\"async\" class=\"wp-image-6120 size-full alignnone\" src=\"http:\/\/hallein-evangelisch.at\/wp\/wp-content\/uploads\/2019\/03\/Musical_Superding-A5.jpg\" alt=\"\" width=\"419\" height=\"595\" \/><\/a><\/p>\n<div class=\"page\" title=\"Page 25\">\n<div class=\"layoutArea\">\n<div class=\"column\">\n<p>Die &#8222;kleine Cantorey&#8220; probt donnerstags \u00a0von 16:30 bis 18:00 Uhr in unserem Gemeindesaal \u2013 neue Kinder sind herzlich willkommen!<\/p>\n<\/div>\n<\/div>\n<\/div>\n","protected":false},"excerpt":{"rendered":"<div class=\"mh-excerpt\"><p>[2019-03-24] Die absolute Supershow am 6. April um 15:00 in der Halleiner Schaitberger Kirche. Die kleine Cantorey unter der Leitung von Gordon Safari und Silke Stein sucht das n\u00e4chste gro\u00dfe Superding. Was oder wer genau <a class=\"mh-excerpt-more\" href=\"https:\/\/hallein-evangelisch.at\/wp\/?p=6121\" title=\"Superding\">[&#8230;]<\/a><\/p>\n<\/div>","protected":false},"author":8,"featured_media":6122,"comment_status":"closed","ping_status":"closed","sticky":false,"template":"","format":"standard","meta":{"footnotes":""},"categories":[31],"tags":[],"class_list":{"0":"post-6121","1":"post","2":"type-post","3":"status-publish","4":"format-standard","5":"has-post-thumbnail","7":"category-kultur"},"_links":{"self":[{"href":"https:\/\/hallein-evangelisch.at\/wp\/index.php?rest_route=\/wp\/v2\/posts\/6121","targetHints":{"allow":["GET"]}}],"collection":[{"href":"https:\/\/hallein-evangelisch.at\/wp\/index.php?rest_route=\/wp\/v2\/posts"}],"about":[{"href":"https:\/\/hallein-evangelisch.at\/wp\/index.php?rest_route=\/wp\/v2\/types\/post"}],"author":[{"embeddable":true,"href":"https:\/\/hallein-evangelisch.at\/wp\/index.php?rest_route=\/wp\/v2\/users\/8"}],"replies":[{"embeddable":true,"href":"https:\/\/hallein-evangelisch.at\/wp\/index.php?rest_route=%2Fwp%2Fv2%2Fcomments&post=6121"}],"version-history":[{"count":5,"href":"https:\/\/hallein-evangelisch.at\/wp\/index.php?rest_route=\/wp\/v2\/posts\/6121\/revisions"}],"predecessor-version":[{"id":6127,"href":"https:\/\/hallein-evangelisch.at\/wp\/index.php?rest_route=\/wp\/v2\/posts\/6121\/revisions\/6127"}],"wp:featuredmedia":[{"embeddable":true,"href":"https:\/\/hallein-evangelisch.at\/wp\/index.php?rest_route=\/wp\/v2\/media\/6122"}],"wp:attachment":[{"href":"https:\/\/hallein-evangelisch.at\/wp\/index.php?rest_route=%2Fwp%2Fv2%2Fmedia&parent=6121"}],"wp:term":[{"taxonomy":"category","embeddable":true,"href":"https:\/\/hallein-evangelisch.at\/wp\/index.php?rest_route=%2Fwp%2Fv2%2Fcategories&post=6121"},{"taxonomy":"post_tag","embeddable":true,"href":"https:\/\/hallein-evangelisch.at\/wp\/index.php?rest_route=%2Fwp%2Fv2%2Ftags&post=6121"}],"curies":[{"name":"wp","href":"https:\/\/api.w.org\/{rel}","templated":true}]}}