{"id":6139,"date":"2019-04-15T00:00:40","date_gmt":"2019-04-14T22:00:40","guid":{"rendered":"http:\/\/hallein-evangelisch.at\/wp\/?p=6139"},"modified":"2019-03-25T09:05:29","modified_gmt":"2019-03-25T08:05:29","slug":"nun-sag-wie-hast-du-s-mit-dem-glauben","status":"publish","type":"post","link":"https:\/\/hallein-evangelisch.at\/wp\/?p=6139","title":{"rendered":"Nun sag \u0301, wie hast Du \u0301s mit dem Glauben?"},"content":{"rendered":"<p>[2019-04-14]<\/p>\n<p><strong><br \/>\nIch FEIERE ihn<\/strong>.<br \/>\n<em>Gedanken von Susanne Zippenfenig<\/em><\/p>\n<p>Feiern ist Freude pur. Feiern ist Ausdruck von Lebensfreude. Feiern ist mit tollen Menschen zusammen zu sein. Feiern ist lustig. Feiern ist dazuzugeh\u00f6ren. Soweitdie Stimmen einiger unserer Konfirmandinnen und Mitarbeiterinnen, als ich siegefragt habe, was das denn f\u00fcr SIE bedeute \u2013 \u201eden Glauben feiern\u201c.<\/p>\n<p>Woran denke ich als Gemeindep\u00e4dagogin bei \u201eden Glauben feiern\u201c?<\/p>\n<ul>\n<li>Ich denke an sehr ber\u00fchrende Szenen in vielen Geheimnisfest-Gottesdiensten: Eltern und Kinder feiern sich, feiern ihre Liebe zueinander, Eltern bekennen sich zu ihren Kindern, so, wie Gott sich zu uns bekennt in der Taufe. Unser Leben sei ein Fest &#8230;<\/li>\n<li>Ich denke an Eltern, die r\u00fcckmelden, wie wichtig und sch\u00f6n die \u201egro\u00dfen Glaubensfeste\u201c unserer Pfarrgemeinde \u2013 Geheimnisfest und Konfirmation \u2013<br \/>\nf\u00fcr sie und ihre Kinder sind\/waren: Gemeinschaft, Freude, den pers\u00f6nlichen Glauben zum Thema machen \u2013 und ihn in Gemeinschaft zu feiern! &#8211; sind die am h\u00e4ufigsten genannten Stichworte.<\/li>\n<li>Ich denke an Konfi-Tage in W\u00f6rgl, wenn 200 Jugendliche, MitarbeiterInnen und PfarrerInnen einen Jugendgottesdienst feiern, singen, das Abendmahl feiern (alleine beim Gedanken daran bekomme ich G\u00e4nsehaut ?) \u2013 ein gro\u00dfes Fest des Glaubens. Unser Leben sei ein Fest &#8230;<\/li>\n<li>Ich denke an 27 Geheimnisfestkinder, die in der Kirche toben, singen, einer Geschichte lauschen. Die Essen und Trinken miteinander teilen \u2013 das ist gelebter, gefeierter Glaube. Es hat mit ihnen zu tun, mit ihrem Leben. Unser Leben sei ein Fest &#8230;<\/li>\n<li>Ich denke an einen Mitarbeiter, der von sich sagt: Was k\u00f6nnte sch\u00f6ner und ein gr\u00f6\u00dferes Fest sein als zu sehen, wie junge Menschen ihren Glauben finden,\u00a0hinterfragen und im Glauben wachsen. Deswegen ist jede Stunde Mitarbeit ein Feiern meines Glaubens. Auch, wenn einem manchmal nicht nach Feiern zu Mute ist &#8230;<\/li>\n<li>Und ich, Susanne? Bekennende Christin? Was denke ich pers\u00f6nlich? Ich denke, das Sprichwort \u201eMan soll Feste feiern wie sie fallen\u201c gilt auch und besonders f\u00fcr meinen Glauben. Oder anders ausgedr\u00fcckt \u2013 im Alltag den Glauben feiern.<\/li>\n<\/ul>\n<p>Es ist doch interessant: Das Zweifeln am Glauben im Alltag wird viel schneller und \u00f6fter zum Thema als das Feiern. Ich feiere meinen Glauben spontan, oftauch leise, mich in mich hinein freuend, wenn ich mit Konfis in einer Kleingruppe ein richtig gutes Gespr\u00e4ch f\u00fchre. Wenn ich mit Kindern beim Geheimnisfest oder bei der Ferieninsel begeistert singe. Dann denke ich mir: YES. Ich bin zur rechten Zeit am rechten Platz. PARTY! Mein Leben sei ein Fest, mein Glaube bitte auch!<\/p>\n<p>Lustvoller, fr\u00f6hlicher Glaube \u2013 das w\u00fcnsche ich mir durchaus \u00f6fter und mehr. Was kann Ausdruck dessen sein?\u00a0Nun, Ostersonntag in unserer Kirche in Hallein, Gottesdienst 9:30 Uhr. Alle sitzen mit ernsten Gesichtern still in den Bankreihen. Ich denke jedes Mal: Hey, es ist OSTERN, Leute \u2013 He \u0301s ALIVE! Sp\u00e4testens beim Lied \u201eHallelu, Hallelu\u201c werden aus den ernsten Gesichtern lachende, fr\u00f6hliche Ostersonntag-Gesichter. \u201eDu hast mir meine Klage verwandelt in einen Reigen, du hast mir den Sack der Trauer ausgezogen und mich geg\u00fcrtet mit Freude:\u201c (Psalm 30,12)<\/p>\n<p>Gutes Schlusswort, oder?<\/p>\n","protected":false},"excerpt":{"rendered":"<div class=\"mh-excerpt\"><p>[2019-04-14] Ich FEIERE ihn. Gedanken von Susanne Zippenfenig Feiern ist Freude pur. Feiern ist Ausdruck von Lebensfreude. Feiern ist mit tollen Menschen zusammen zu sein. Feiern ist lustig. Feiern ist dazuzugeh\u00f6ren. Soweitdie Stimmen einiger unserer <a class=\"mh-excerpt-more\" href=\"https:\/\/hallein-evangelisch.at\/wp\/?p=6139\" title=\"Nun sag \u0301, wie hast Du \u0301s mit dem Glauben?\">[&#8230;]<\/a><\/p>\n<\/div>","protected":false},"author":8,"featured_media":2454,"comment_status":"closed","ping_status":"closed","sticky":false,"template":"","format":"standard","meta":{"footnotes":""},"categories":[4],"tags":[],"class_list":{"0":"post-6139","1":"post","2":"type-post","3":"status-publish","4":"format-standard","5":"has-post-thumbnail","7":"category-gedanken"},"_links":{"self":[{"href":"https:\/\/hallein-evangelisch.at\/wp\/index.php?rest_route=\/wp\/v2\/posts\/6139","targetHints":{"allow":["GET"]}}],"collection":[{"href":"https:\/\/hallein-evangelisch.at\/wp\/index.php?rest_route=\/wp\/v2\/posts"}],"about":[{"href":"https:\/\/hallein-evangelisch.at\/wp\/index.php?rest_route=\/wp\/v2\/types\/post"}],"author":[{"embeddable":true,"href":"https:\/\/hallein-evangelisch.at\/wp\/index.php?rest_route=\/wp\/v2\/users\/8"}],"replies":[{"embeddable":true,"href":"https:\/\/hallein-evangelisch.at\/wp\/index.php?rest_route=%2Fwp%2Fv2%2Fcomments&post=6139"}],"version-history":[{"count":4,"href":"https:\/\/hallein-evangelisch.at\/wp\/index.php?rest_route=\/wp\/v2\/posts\/6139\/revisions"}],"predecessor-version":[{"id":6143,"href":"https:\/\/hallein-evangelisch.at\/wp\/index.php?rest_route=\/wp\/v2\/posts\/6139\/revisions\/6143"}],"wp:featuredmedia":[{"embeddable":true,"href":"https:\/\/hallein-evangelisch.at\/wp\/index.php?rest_route=\/wp\/v2\/media\/2454"}],"wp:attachment":[{"href":"https:\/\/hallein-evangelisch.at\/wp\/index.php?rest_route=%2Fwp%2Fv2%2Fmedia&parent=6139"}],"wp:term":[{"taxonomy":"category","embeddable":true,"href":"https:\/\/hallein-evangelisch.at\/wp\/index.php?rest_route=%2Fwp%2Fv2%2Fcategories&post=6139"},{"taxonomy":"post_tag","embeddable":true,"href":"https:\/\/hallein-evangelisch.at\/wp\/index.php?rest_route=%2Fwp%2Fv2%2Ftags&post=6139"}],"curies":[{"name":"wp","href":"https:\/\/api.w.org\/{rel}","templated":true}]}}