{"id":6164,"date":"2019-03-25T14:34:25","date_gmt":"2019-03-25T13:34:25","guid":{"rendered":"http:\/\/hallein-evangelisch.at\/wp\/?p=6164"},"modified":"2020-09-17T11:41:30","modified_gmt":"2020-09-17T09:41:30","slug":"zam-schaun-3","status":"publish","type":"post","link":"https:\/\/hallein-evangelisch.at\/wp\/?p=6164","title":{"rendered":"Du sollst nicht l\u00fcgen"},"content":{"rendered":"<div class=\"page\" title=\"Page 27\">\n<div class=\"layoutArea\">\n<div class=\"column\" style=\"text-align: left;\">\n<hr \/>\n<p><img loading=\"lazy\" decoding=\"async\" class=\"alignleft wp-image-5150\" src=\"http:\/\/hallein-evangelisch.at\/wp\/wp-content\/uploads\/2018\/09\/film_2-600x545.jpg\" alt=\"\" width=\"350\" height=\"318\" srcset=\"https:\/\/hallein-evangelisch.at\/wp\/wp-content\/uploads\/2018\/09\/film_2-600x545.jpg 600w, https:\/\/hallein-evangelisch.at\/wp\/wp-content\/uploads\/2018\/09\/film_2.jpg 737w\" sizes=\"auto, (max-width: 350px) 100vw, 350px\" \/>[2019-03-25]<\/p>\n<p>Unsere Filmabendreihe \u201eZam schau\u2019n\u201c geht weiter.<\/p>\n<h3 style=\"text-align: left;\">Du sollst nicht l\u00fcgen.<\/h3>\n<p>Das 8. Gebot wird im n\u00e4chsten &#8222;Zam schau&#8217;n&#8220; von zentraler Bedeutung sein. In &#8222;L\u00fcgen macht erfinderisch&#8220; sehen wir eine Welt, in der kein Mensch l\u00fcgen kann &#8211; das Konzept existiert einfach nicht! Jeder Mensch erz\u00e4hlt immer nur die Wahrheit. Zumindest bis eines Tages im Hirn eines Mannes pl\u00f6tzlich eine Entwicklung stattfindet: Er kann l\u00fcgen! In einer Welt in der jeder jedem alles glaubt&#8230; Welche M\u00f6glichkeiten ergeben sich daraus? Die Kom\u00f6die geht dieser und weit spannenderen Fragen nach.<\/p>\n<p>Im anschlie\u00dfenden Gespr\u00e4ch w\u00fcrde mich vor allem eure Sicht zu diesem Film interessieren, denn auch das Thema der Religion wird in diesem Film stattfinden und wirft ganz eigene Fragen auf.<\/p>\n<p>L\u00fcgen macht erfinderisch, <a href=\"x-apple-data-detectors:\/\/1\">am Samstag 30.3.19<\/a> ab 18.00 bei uns im Gemeindesaal; FSK 6, es sind auch gerne j\u00fcngere Zuschauer eingeladen!<\/p>\n<p>Ich freue mich auf euch und unsere gemeinsame Zeit!&#8220;<\/p>\n<p>J\u00f6rg Kreil<\/p>\n<\/div>\n<\/div>\n<\/div>\n","protected":false},"excerpt":{"rendered":"<div class=\"mh-excerpt\"><p>[2019-03-25] Unsere Filmabendreihe \u201eZam schau\u2019n\u201c geht weiter. Du sollst nicht l\u00fcgen. Das 8. Gebot wird im n\u00e4chsten &#8222;Zam schau&#8217;n&#8220; von zentraler Bedeutung sein. In &#8222;L\u00fcgen macht erfinderisch&#8220; sehen wir eine Welt, in der kein Mensch <a class=\"mh-excerpt-more\" href=\"https:\/\/hallein-evangelisch.at\/wp\/?p=6164\" title=\"Du sollst nicht l\u00fcgen\">[&#8230;]<\/a><\/p>\n<\/div>","protected":false},"author":8,"featured_media":4610,"comment_status":"closed","ping_status":"closed","sticky":false,"template":"","format":"standard","meta":{"footnotes":""},"categories":[5],"tags":[],"class_list":{"0":"post-6164","1":"post","2":"type-post","3":"status-publish","4":"format-standard","5":"has-post-thumbnail","7":"category-kinder_jugend"},"_links":{"self":[{"href":"https:\/\/hallein-evangelisch.at\/wp\/index.php?rest_route=\/wp\/v2\/posts\/6164","targetHints":{"allow":["GET"]}}],"collection":[{"href":"https:\/\/hallein-evangelisch.at\/wp\/index.php?rest_route=\/wp\/v2\/posts"}],"about":[{"href":"https:\/\/hallein-evangelisch.at\/wp\/index.php?rest_route=\/wp\/v2\/types\/post"}],"author":[{"embeddable":true,"href":"https:\/\/hallein-evangelisch.at\/wp\/index.php?rest_route=\/wp\/v2\/users\/8"}],"replies":[{"embeddable":true,"href":"https:\/\/hallein-evangelisch.at\/wp\/index.php?rest_route=%2Fwp%2Fv2%2Fcomments&post=6164"}],"version-history":[{"count":7,"href":"https:\/\/hallein-evangelisch.at\/wp\/index.php?rest_route=\/wp\/v2\/posts\/6164\/revisions"}],"predecessor-version":[{"id":8034,"href":"https:\/\/hallein-evangelisch.at\/wp\/index.php?rest_route=\/wp\/v2\/posts\/6164\/revisions\/8034"}],"wp:featuredmedia":[{"embeddable":true,"href":"https:\/\/hallein-evangelisch.at\/wp\/index.php?rest_route=\/wp\/v2\/media\/4610"}],"wp:attachment":[{"href":"https:\/\/hallein-evangelisch.at\/wp\/index.php?rest_route=%2Fwp%2Fv2%2Fmedia&parent=6164"}],"wp:term":[{"taxonomy":"category","embeddable":true,"href":"https:\/\/hallein-evangelisch.at\/wp\/index.php?rest_route=%2Fwp%2Fv2%2Fcategories&post=6164"},{"taxonomy":"post_tag","embeddable":true,"href":"https:\/\/hallein-evangelisch.at\/wp\/index.php?rest_route=%2Fwp%2Fv2%2Ftags&post=6164"}],"curies":[{"name":"wp","href":"https:\/\/api.w.org\/{rel}","templated":true}]}}