{"id":6370,"date":"2019-05-20T00:00:56","date_gmt":"2019-05-19T22:00:56","guid":{"rendered":"http:\/\/hallein-evangelisch.at\/wp\/?p=6370"},"modified":"2019-06-13T23:08:05","modified_gmt":"2019-06-13T21:08:05","slug":"ewige-baustelle","status":"publish","type":"post","link":"https:\/\/hallein-evangelisch.at\/wp\/?p=6370","title":{"rendered":"\u201eEwige Baustelle\u201c"},"content":{"rendered":"<p>[2019-05-19]<\/p>\n<h3>Wir feiern 150 Jahre<\/h3>\n<h4>Di\u00f6zesan- und Gustav-Adolf-Fest<br \/>\nam Sonntag, 16. Juni 2019, 9-16 Uhr, Christuskirche Innsbruck.<\/h4>\n<p><img loading=\"lazy\" decoding=\"async\" class=\"alignleft wp-image-6374\" src=\"http:\/\/hallein-evangelisch.at\/wp\/wp-content\/uploads\/2019\/04\/innsbruck1.jpg\" alt=\"\" width=\"300\" height=\"316\" \/>Unter dem Motto \u201e150 Jahre &#8211; Ewige Baustelle\u201c feiert die Di\u00f6zese Salzburg und Tirol am 16. Juni 2019 die beiden Jubil\u00e4en \u201e150 Jahre Protestantische Glaubensgenossenschaft Innsbruck\u201c und \u201e150 Jahre Gustav-Adolf-Zweigverein Tirol\u201c. Wir feiern die Entstehungsgeschichte unserer Gemeinden, schauen zur\u00fcck auf Meilensteine in deren Entwicklung \u00fcber die letzten 150 Jahre\u00a0und blicken in die Zukunft unserer kleinen, aber lebendigen und engagierten Evangelischen Kirche in Tirol. Lassen Sie sich einladen und feiern Sie mit!<\/p>\n<p>Von 9-16 Uhr erwartet unsre G\u00e4ste in der Christuskirche und deren Nebenr\u00e4umen, rund um den Martin-Luther-Platz, in der Richard-Wagner-Stra\u00dfe und in der Elisabethstra\u00dfe ein buntes und abwechslungsreiches Programm\u00a0f\u00fcr Gro\u00df und Klein. Um 9 Uhr beginnen wir mit einem Willkommen am Kirchenvorplatz, um 9.30 Uhr folgt ein Festgottesdienst mit Di\u00f6zesankantor Gordon Safari an der Orgel, nach einem Kirchencaf\u00e9 geht es weiter mit dem Festakt, der von der Johann Sebastian Bach Musikschule Innsbruck musikalisch mitgestaltet wird. <img loading=\"lazy\" decoding=\"async\" class=\"alignleft wp-image-6373\" src=\"http:\/\/hallein-evangelisch.at\/wp\/wp-content\/uploads\/2019\/04\/innsbruck2.jpg\" alt=\"\" width=\"300\" height=\"320\" \/>Ab 12:30 k\u00f6nnen Sie sich kulinarisch mit Speisen und Getr\u00e4nken aus der Region verw\u00f6hnen lassen. F\u00fcr den Nachmittag haben wir f\u00fcr alle Besucherinnen und Besucher ein vielf\u00e4ltiges generationen\u00fcbergreifendes Programm mit verschiedenen Workshops vorbereitet. Ein Reisesegen um 15:45 Uhr rundet den Festtag ab. In Zusammenarbeit mit der Evangelischen Jugend Salzburg-Tirol bieten wir w\u00e4hrend der gesamten Veranstaltung ein spannendes und abwechslungsreiches Programm f\u00fcr Kinder an.<\/p>\n<p>Aus unserer christlichen \u00dcberzeugung heraus feiern wir diesen Tag nachhaltig nach den \u201eGoing Green\u201c Kriterien von Green Events Tirol. Wir ersuchen Sie, schon jetzt eine ressourcenschonende Anreise aus Ihren Gemeinden zu planen. Wir freuen uns, wenn Sie diesen besonderen Anlass mit uns und vielen anderen Menschen feiern!<\/p>\n<ul>\n<li>09:00 Uhr:\u00a0Willkommen am Martin-Luther-Platz<\/li>\n<li>09:30 Uhr: Festgottesdienst in der Christuskirche (Orgel: Gordon Safari) Kirchencaf\u00e9, w\u00e4hrenddessen<\/li>\n<li>ab 10:45 Uhr Delegiertenversammlung des GAV Salzburg-Tirol<\/li>\n<li>11:30 Uhr: Festakt \u201e150 Jahre\u201c (Musik: Johann-Sebastian-Bach Musikschule)<\/li>\n<li>12:30 Uhr: Mittagessen<\/li>\n<li>13:30 Uhr: Buntes und vielseitiges Nachmittagsprogramm<\/li>\n<li>15:45 Uhr: Reisesegen<\/li>\n<li>16:00 Uhr: Ende<\/li>\n<\/ul>\n<h4>Anreise f\u00fcr G\u00e4ste aus Tirol und Salzburg<\/h4>\n<ul>\n<li>Mit der \u00d6BB: Fahrpl\u00e4ne zum Hauptbahnhof Innsbruck k\u00f6nnen Sie hier erfragen: <a href=\"http:\/\/fahrplan.oebb.at\/bin\/query.exe\/dn\" target=\"_blank\" rel=\"noopener noreferrer\">http:\/\/fahrplan.oebb.at\/bin\/query.exe\/dn<\/a><\/li>\n<li>Vom Hauptbahnhof Innsbruck kommen Sie mit den Buslinien 504 (Haltestelle \u201eMartin-Luther-Platz\/HAK) oder der Linie R (Haltestelle \u201eKochstra\u00dfe\u201c) direkt zur Christuskirche.<\/li>\n<li>Mit Fahrgemeinschaften: Wenn Sie mit dem Auto anreisen m\u00f6chten, bitten wir Sie, sich in Ihren Gemeinden zu koordinieren und Fahrgemeinschaften zu bilden. Parkpl\u00e4tze stehen am Lehrerparkplatz der BHAK\/BHAS Innsbruck (Karl- Sch\u00f6nherr-Stra\u00dfe 2) zur Verf\u00fcgung.<\/li>\n<\/ul>\n<h4>N\u00e4here Informationen zum Fest<\/h4>\n<p>Pfarramt Innsbruck-Christuskirche<br \/>\nRichard-Wagner-Stra\u00dfe 4, 6020 Innsbruck<br \/>\npfarramt@innsbruck-christuskirche.at<br \/>\n0512-588471<br \/>\n<a href=\"http:\/\/www.innsbruck-christuskirche.at\" target=\"_blank\" rel=\"noopener noreferrer\">www.innsbruck-christuskirche.at<\/a> &#8211; Sektion \u201eUnser Angebot\u201c<\/p>\n","protected":false},"excerpt":{"rendered":"<div class=\"mh-excerpt\"><p>[2019-05-19] Wir feiern 150 Jahre Di\u00f6zesan- und Gustav-Adolf-Fest am Sonntag, 16. Juni 2019, 9-16 Uhr, Christuskirche Innsbruck. Unter dem Motto \u201e150 Jahre &#8211; Ewige Baustelle\u201c feiert die Di\u00f6zese Salzburg und Tirol am 16. Juni 2019 <a class=\"mh-excerpt-more\" href=\"https:\/\/hallein-evangelisch.at\/wp\/?p=6370\" title=\"\u201eEwige Baustelle\u201c\">[&#8230;]<\/a><\/p>\n<\/div>","protected":false},"author":8,"featured_media":6375,"comment_status":"closed","ping_status":"closed","sticky":false,"template":"","format":"standard","meta":{"footnotes":""},"categories":[1],"tags":[],"class_list":{"0":"post-6370","1":"post","2":"type-post","3":"status-publish","4":"format-standard","5":"has-post-thumbnail","7":"category-allgemein"},"_links":{"self":[{"href":"https:\/\/hallein-evangelisch.at\/wp\/index.php?rest_route=\/wp\/v2\/posts\/6370","targetHints":{"allow":["GET"]}}],"collection":[{"href":"https:\/\/hallein-evangelisch.at\/wp\/index.php?rest_route=\/wp\/v2\/posts"}],"about":[{"href":"https:\/\/hallein-evangelisch.at\/wp\/index.php?rest_route=\/wp\/v2\/types\/post"}],"author":[{"embeddable":true,"href":"https:\/\/hallein-evangelisch.at\/wp\/index.php?rest_route=\/wp\/v2\/users\/8"}],"replies":[{"embeddable":true,"href":"https:\/\/hallein-evangelisch.at\/wp\/index.php?rest_route=%2Fwp%2Fv2%2Fcomments&post=6370"}],"version-history":[{"count":10,"href":"https:\/\/hallein-evangelisch.at\/wp\/index.php?rest_route=\/wp\/v2\/posts\/6370\/revisions"}],"predecessor-version":[{"id":6513,"href":"https:\/\/hallein-evangelisch.at\/wp\/index.php?rest_route=\/wp\/v2\/posts\/6370\/revisions\/6513"}],"wp:featuredmedia":[{"embeddable":true,"href":"https:\/\/hallein-evangelisch.at\/wp\/index.php?rest_route=\/wp\/v2\/media\/6375"}],"wp:attachment":[{"href":"https:\/\/hallein-evangelisch.at\/wp\/index.php?rest_route=%2Fwp%2Fv2%2Fmedia&parent=6370"}],"wp:term":[{"taxonomy":"category","embeddable":true,"href":"https:\/\/hallein-evangelisch.at\/wp\/index.php?rest_route=%2Fwp%2Fv2%2Fcategories&post=6370"},{"taxonomy":"post_tag","embeddable":true,"href":"https:\/\/hallein-evangelisch.at\/wp\/index.php?rest_route=%2Fwp%2Fv2%2Ftags&post=6370"}],"curies":[{"name":"wp","href":"https:\/\/api.w.org\/{rel}","templated":true}]}}