{"id":6557,"date":"2019-07-05T12:58:33","date_gmt":"2019-07-05T10:58:33","guid":{"rendered":"http:\/\/hallein-evangelisch.at\/wp\/?p=6557"},"modified":"2019-07-05T12:58:33","modified_gmt":"2019-07-05T10:58:33","slug":"neue-50-teil-pfarrstelle-in-hallein","status":"publish","type":"post","link":"https:\/\/hallein-evangelisch.at\/wp\/?p=6557","title":{"rendered":"Neue 50% Teil-Pfarrstelle in Hallein"},"content":{"rendered":"<p>[2019-07-05]<\/p>\n<p>Auf Grund der gleichbleibend gro\u00dfen Anzahl unserer Gemeindemitglieder und der damit verbundenen vielf\u00e4ltigen Aufgaben wurde unserer Pfarrgemeinde von der Kirchenleitung zum 1. September diesen Jahres eine weitere 50%-Teilpfarrstelle zugesprochen und genehmigt.<\/p>\n<p>Leider hat sich auf die erste Ausschreibung im Mai niemand gemeldet, so dass diese Stelle zun\u00e4chst unbesetzt bleiben muss. Wir hoffen aber sehr, dass sich f\u00fcrdas n\u00e4chste Schul- und Arbeitsjahr 2020\/21 eine Pfarrerin, ein Pfarrer findet, die\/der bei uns arbeiten m\u00f6chte und mit ihren\/seinen Gaben uns in unserem guten Team verst\u00e4rkt und bereichert.<\/p>\n","protected":false},"excerpt":{"rendered":"<div class=\"mh-excerpt\"><p>[2019-07-05] Auf Grund der gleichbleibend gro\u00dfen Anzahl unserer Gemeindemitglieder und der damit verbundenen vielf\u00e4ltigen Aufgaben wurde unserer Pfarrgemeinde von der Kirchenleitung zum 1. September diesen Jahres eine weitere 50%-Teilpfarrstelle zugesprochen und genehmigt. Leider hat sich <a class=\"mh-excerpt-more\" href=\"https:\/\/hallein-evangelisch.at\/wp\/?p=6557\" title=\"Neue 50% Teil-Pfarrstelle in Hallein\">[&#8230;]<\/a><\/p>\n<\/div>","protected":false},"author":8,"featured_media":6400,"comment_status":"closed","ping_status":"closed","sticky":false,"template":"","format":"standard","meta":{"footnotes":""},"categories":[1],"tags":[],"class_list":{"0":"post-6557","1":"post","2":"type-post","3":"status-publish","4":"format-standard","5":"has-post-thumbnail","7":"category-allgemein"},"_links":{"self":[{"href":"https:\/\/hallein-evangelisch.at\/wp\/index.php?rest_route=\/wp\/v2\/posts\/6557","targetHints":{"allow":["GET"]}}],"collection":[{"href":"https:\/\/hallein-evangelisch.at\/wp\/index.php?rest_route=\/wp\/v2\/posts"}],"about":[{"href":"https:\/\/hallein-evangelisch.at\/wp\/index.php?rest_route=\/wp\/v2\/types\/post"}],"author":[{"embeddable":true,"href":"https:\/\/hallein-evangelisch.at\/wp\/index.php?rest_route=\/wp\/v2\/users\/8"}],"replies":[{"embeddable":true,"href":"https:\/\/hallein-evangelisch.at\/wp\/index.php?rest_route=%2Fwp%2Fv2%2Fcomments&post=6557"}],"version-history":[{"count":1,"href":"https:\/\/hallein-evangelisch.at\/wp\/index.php?rest_route=\/wp\/v2\/posts\/6557\/revisions"}],"predecessor-version":[{"id":6558,"href":"https:\/\/hallein-evangelisch.at\/wp\/index.php?rest_route=\/wp\/v2\/posts\/6557\/revisions\/6558"}],"wp:featuredmedia":[{"embeddable":true,"href":"https:\/\/hallein-evangelisch.at\/wp\/index.php?rest_route=\/wp\/v2\/media\/6400"}],"wp:attachment":[{"href":"https:\/\/hallein-evangelisch.at\/wp\/index.php?rest_route=%2Fwp%2Fv2%2Fmedia&parent=6557"}],"wp:term":[{"taxonomy":"category","embeddable":true,"href":"https:\/\/hallein-evangelisch.at\/wp\/index.php?rest_route=%2Fwp%2Fv2%2Fcategories&post=6557"},{"taxonomy":"post_tag","embeddable":true,"href":"https:\/\/hallein-evangelisch.at\/wp\/index.php?rest_route=%2Fwp%2Fv2%2Ftags&post=6557"}],"curies":[{"name":"wp","href":"https:\/\/api.w.org\/{rel}","templated":true}]}}