{"id":6562,"date":"2019-07-08T00:00:02","date_gmt":"2019-07-07T22:00:02","guid":{"rendered":"http:\/\/hallein-evangelisch.at\/wp\/?p=6562"},"modified":"2019-07-05T13:07:17","modified_gmt":"2019-07-05T11:07:17","slug":"vertreibung-der-salzburger-protestanten","status":"publish","type":"post","link":"https:\/\/hallein-evangelisch.at\/wp\/?p=6562","title":{"rendered":"Vertreibung der Salzburger Protestanten"},"content":{"rendered":"<p>[2019-07-07]<\/p>\n<p>Gedenken an die Vertreibung der Salzburger Protestanten 1731 -32<\/p>\n<h2>Der Salzbund<\/h2>\n<p>Der Name \u201eSalzbund\u201c geht auf das Jahr 1731 zur\u00fcck, als sich Pongauer und Pinzgauer Geheimprotestanten in Schwarzach trafen und dort beschlossen, sich offen zum evangelischen Glauben zu bekennen. Diese Versammlung ist in sp\u00e4teren Jahren als \u201eSalzbund\u201c in die Geschichte eingegangen.<\/p>\n<p>Unser Verein Salzbund wurde im Jahr 1902 gegr\u00fcndet und hat sich besonders der Neueingetretenen in unserer evangelischen Kirche angenommen, die durch die \u201eLos von Rom\u201c Bewegung eine neue kirchliche Heimat gesucht haben. Sowohl vor dem ersten Weltkrieg als auch in der Zwischenkriegszeit ist die Zahl der Evangelischen in der Stadt Salzburg, aber auch in Hallein, stark angewachsen.<\/p>\n<p>Nach schwierigen Jahren, w\u00e4hrend des Zweiten Weltkrieges, in denen die Arbeit mit Behinderungen fortgef\u00fchrt wurde, nahm der Verein seine T\u00e4tigkeit wieder auf und bem\u00fcht sich zum evangelischen Gemeindeleben beizutragen, Gemeinschaft zu st\u00e4rken und das Wissen um die Geschichte des Salzburger Protestantismus zu verbreiten.<\/p>\n<p>Das geschieht durch monatliche Vortr\u00e4ge \u00fcber kirchengeschichtliche Themen und andere aktuelle Fragen, Reiseberichte, aber auch durch gemeinsame Ausstellungsbesuche und Stadtf\u00fchrungen, bei denen wir in unserer ehemaligen Obfrau Dr. Lieselotte von Eltz-Hoffmann eine kundige und hervorragende Begleiterin haben. Am Fronleichnamstag trafen wir uns mit unseren Nachbargemeinden Berchtesgaden, Bad Reichenhall und Freilassing zu einem Emigrationsgedenkgottesdienst am Predigtstuhl im Abtswald am D\u00fcrrnberg oder in der Schaitbergerkirche in Hallein.<\/p>\n<p>Seit einigen Jahren findet der Gottesdienst in der Salzburg Auferstehungskirche,Dr.-A..-Altmann-Stra\u00dfe 10, 5020 Salzburg, statt.<\/p>\n<p>In den Jahren seines Bestehens hat der Salzbund trotz seiner bescheidenen finanziellen M\u00f6glichkeiten vieles f\u00fcr unsere Pfarrgemeinden geschaffen.<\/p>\n<p>Die Rupertuskirche in Neumarkt verdankt ihr Entstehen unserem Verein,<br \/>\ndas Gel\u00e4ute der Christuskirche wurde nach den Kriegen mit Sammlungen wieder geschaffen und die Gefallenengedenkhalle errichtet, eine Glocke der Matth\u00e4uskirche in Taxham gestiftet, eine Gedenktafel f\u00fcr den protestantischen M\u00e4rtyrer Georg Scherer in Radstadt und verschiedene kirchliche Einrichtungen unterst\u00fctzt.<\/p>\n<p>Wir freuen uns \u00fcber jeden neuen Beitritt und laden Sie herzlich ein, Mitglied unseres Vereines zu werden und an unseren Veranstaltungen teilzunehmen. Unser Jahresbeitrag ist \u00e4u\u00dferst bescheiden und betr\u00e4gt f\u00fcr Einzelmitglieder \u20ac 4,&#8211; und f\u00fcr Ehepaare \u20ac 5,&#8211; pro Jahr.<\/p>\n<p>Kontaktpersonen:<\/p>\n<ul>\n<li>Ingrid Eckerl ( ingrid.eckerl@sbg.at ) und Dr. Gerlinde Vegh<\/li>\n<li>Robert Damjanovic (Salzbund-Schriftf\u00fchrer, Tel. 0650 &#8211; 8804 980)<\/li>\n<\/ul>\n<p>(aus http:\/\/www.auferstehungskirche-sbg.at\/ unter\u00a0Erwachsenenbildung).<\/p>\n","protected":false},"excerpt":{"rendered":"<div class=\"mh-excerpt\"><p>[2019-07-07] Gedenken an die Vertreibung der Salzburger Protestanten 1731 -32 Der Salzbund Der Name \u201eSalzbund\u201c geht auf das Jahr 1731 zur\u00fcck, als sich Pongauer und Pinzgauer Geheimprotestanten in Schwarzach trafen und dort beschlossen, sich offen <a class=\"mh-excerpt-more\" href=\"https:\/\/hallein-evangelisch.at\/wp\/?p=6562\" title=\"Vertreibung der Salzburger Protestanten\">[&#8230;]<\/a><\/p>\n<\/div>","protected":false},"author":8,"featured_media":6563,"comment_status":"closed","ping_status":"closed","sticky":false,"template":"","format":"standard","meta":{"footnotes":""},"categories":[1],"tags":[],"class_list":{"0":"post-6562","1":"post","2":"type-post","3":"status-publish","4":"format-standard","5":"has-post-thumbnail","7":"category-allgemein"},"_links":{"self":[{"href":"https:\/\/hallein-evangelisch.at\/wp\/index.php?rest_route=\/wp\/v2\/posts\/6562","targetHints":{"allow":["GET"]}}],"collection":[{"href":"https:\/\/hallein-evangelisch.at\/wp\/index.php?rest_route=\/wp\/v2\/posts"}],"about":[{"href":"https:\/\/hallein-evangelisch.at\/wp\/index.php?rest_route=\/wp\/v2\/types\/post"}],"author":[{"embeddable":true,"href":"https:\/\/hallein-evangelisch.at\/wp\/index.php?rest_route=\/wp\/v2\/users\/8"}],"replies":[{"embeddable":true,"href":"https:\/\/hallein-evangelisch.at\/wp\/index.php?rest_route=%2Fwp%2Fv2%2Fcomments&post=6562"}],"version-history":[{"count":1,"href":"https:\/\/hallein-evangelisch.at\/wp\/index.php?rest_route=\/wp\/v2\/posts\/6562\/revisions"}],"predecessor-version":[{"id":6564,"href":"https:\/\/hallein-evangelisch.at\/wp\/index.php?rest_route=\/wp\/v2\/posts\/6562\/revisions\/6564"}],"wp:featuredmedia":[{"embeddable":true,"href":"https:\/\/hallein-evangelisch.at\/wp\/index.php?rest_route=\/wp\/v2\/media\/6563"}],"wp:attachment":[{"href":"https:\/\/hallein-evangelisch.at\/wp\/index.php?rest_route=%2Fwp%2Fv2%2Fmedia&parent=6562"}],"wp:term":[{"taxonomy":"category","embeddable":true,"href":"https:\/\/hallein-evangelisch.at\/wp\/index.php?rest_route=%2Fwp%2Fv2%2Fcategories&post=6562"},{"taxonomy":"post_tag","embeddable":true,"href":"https:\/\/hallein-evangelisch.at\/wp\/index.php?rest_route=%2Fwp%2Fv2%2Ftags&post=6562"}],"curies":[{"name":"wp","href":"https:\/\/api.w.org\/{rel}","templated":true}]}}