{"id":6605,"date":"2019-09-04T11:01:29","date_gmt":"2019-09-04T09:01:29","guid":{"rendered":"http:\/\/hallein-evangelisch.at\/wp\/?p=6605"},"modified":"2019-09-04T11:01:29","modified_gmt":"2019-09-04T09:01:29","slug":"dank-an-joerg-kreil","status":"publish","type":"post","link":"https:\/\/hallein-evangelisch.at\/wp\/?p=6605","title":{"rendered":"Dank an J\u00f6rg Kreil"},"content":{"rendered":"<p>[2019-09-04]<\/p>\n<div class=\"page\" title=\"Page 22\">\n<div class=\"layoutArea\">\n<div class=\"column\">\n<p><img loading=\"lazy\" decoding=\"async\" class=\"size-medium wp-image-6606 aligncenter\" src=\"http:\/\/hallein-evangelisch.at\/wp\/wp-content\/uploads\/2019\/09\/kreil_abschied-600x450.jpg\" alt=\"\" width=\"600\" height=\"450\" srcset=\"https:\/\/hallein-evangelisch.at\/wp\/wp-content\/uploads\/2019\/09\/kreil_abschied-600x450.jpg 600w, https:\/\/hallein-evangelisch.at\/wp\/wp-content\/uploads\/2019\/09\/kreil_abschied-1024x768.jpg 1024w, https:\/\/hallein-evangelisch.at\/wp\/wp-content\/uploads\/2019\/09\/kreil_abschied-678x509.jpg 678w, https:\/\/hallein-evangelisch.at\/wp\/wp-content\/uploads\/2019\/09\/kreil_abschied-326x245.jpg 326w, https:\/\/hallein-evangelisch.at\/wp\/wp-content\/uploads\/2019\/09\/kreil_abschied-80x60.jpg 80w, https:\/\/hallein-evangelisch.at\/wp\/wp-content\/uploads\/2019\/09\/kreil_abschied.jpg 1489w\" sizes=\"auto, (max-width: 600px) 100vw, 600px\" \/><br \/>\nNach 2 Jahren im Lehrvikariat mussten wir uns im Juli von J\u00f6rg verabschieden. Mit vielen guten W\u00fcnschen, einem dicken Applaus und Gottes Segen lassen wir ihn nur ungern in sein drittes Ausbildungsjahr nach Wien-Ottakring ziehen. J\u00f6rg hat in seiner Halleiner Zeit viele junge Menschen begeistert und das Herzder \u00e4lteren gewonnen. Seine frei gehaltene Predigten werden ebenso gesch\u00e4tzt wie seine Film-Abende \u201eZam schau\u2019n\u201c&#8230;<\/p>\n<p>F\u00fcr mich als Lehrpfarrer war es eine Freude, J\u00f6rg ausbilden und dann mit ihmim Team zusammen arbeiten zu d\u00fcrfen.<\/p>\n<p>Also auch an dieser Stelle noch einmal ein ganz, ganzes dickes Dankesch\u00f6n!<\/p>\n<p><em>Peter Gabriel<\/em><\/p>\n<\/div>\n<\/div>\n<\/div>\n","protected":false},"excerpt":{"rendered":"<div class=\"mh-excerpt\"><p>[2019-09-04] Nach 2 Jahren im Lehrvikariat mussten wir uns im Juli von J\u00f6rg verabschieden. Mit vielen guten W\u00fcnschen, einem dicken Applaus und Gottes Segen lassen wir ihn nur ungern in sein drittes Ausbildungsjahr nach Wien-Ottakring <a class=\"mh-excerpt-more\" href=\"https:\/\/hallein-evangelisch.at\/wp\/?p=6605\" title=\"Dank an J\u00f6rg Kreil\">[&#8230;]<\/a><\/p>\n<\/div>","protected":false},"author":8,"featured_media":2359,"comment_status":"closed","ping_status":"closed","sticky":false,"template":"","format":"standard","meta":{"footnotes":""},"categories":[1,5],"tags":[],"class_list":{"0":"post-6605","1":"post","2":"type-post","3":"status-publish","4":"format-standard","5":"has-post-thumbnail","7":"category-allgemein","8":"category-kinder_jugend"},"_links":{"self":[{"href":"https:\/\/hallein-evangelisch.at\/wp\/index.php?rest_route=\/wp\/v2\/posts\/6605","targetHints":{"allow":["GET"]}}],"collection":[{"href":"https:\/\/hallein-evangelisch.at\/wp\/index.php?rest_route=\/wp\/v2\/posts"}],"about":[{"href":"https:\/\/hallein-evangelisch.at\/wp\/index.php?rest_route=\/wp\/v2\/types\/post"}],"author":[{"embeddable":true,"href":"https:\/\/hallein-evangelisch.at\/wp\/index.php?rest_route=\/wp\/v2\/users\/8"}],"replies":[{"embeddable":true,"href":"https:\/\/hallein-evangelisch.at\/wp\/index.php?rest_route=%2Fwp%2Fv2%2Fcomments&post=6605"}],"version-history":[{"count":1,"href":"https:\/\/hallein-evangelisch.at\/wp\/index.php?rest_route=\/wp\/v2\/posts\/6605\/revisions"}],"predecessor-version":[{"id":6607,"href":"https:\/\/hallein-evangelisch.at\/wp\/index.php?rest_route=\/wp\/v2\/posts\/6605\/revisions\/6607"}],"wp:featuredmedia":[{"embeddable":true,"href":"https:\/\/hallein-evangelisch.at\/wp\/index.php?rest_route=\/wp\/v2\/media\/2359"}],"wp:attachment":[{"href":"https:\/\/hallein-evangelisch.at\/wp\/index.php?rest_route=%2Fwp%2Fv2%2Fmedia&parent=6605"}],"wp:term":[{"taxonomy":"category","embeddable":true,"href":"https:\/\/hallein-evangelisch.at\/wp\/index.php?rest_route=%2Fwp%2Fv2%2Fcategories&post=6605"},{"taxonomy":"post_tag","embeddable":true,"href":"https:\/\/hallein-evangelisch.at\/wp\/index.php?rest_route=%2Fwp%2Fv2%2Ftags&post=6605"}],"curies":[{"name":"wp","href":"https:\/\/api.w.org\/{rel}","templated":true}]}}