{"id":6609,"date":"2019-09-06T15:22:12","date_gmt":"2019-09-06T13:22:12","guid":{"rendered":"http:\/\/hallein-evangelisch.at\/wp\/?p=6609"},"modified":"2019-09-07T11:49:20","modified_gmt":"2019-09-07T09:49:20","slug":"stille-nacht-the-city-never-sleeps","status":"publish","type":"post","link":"https:\/\/hallein-evangelisch.at\/wp\/?p=6609","title":{"rendered":"Stille Nacht \u2013 the City never sleeps"},"content":{"rendered":"<p>[2019-09-06]<\/p>\n<p>Herzliche Einladung zum Konzert von <em>BachWerkVokal<\/em> im Rahmen von \u201eStille Nacht \u2013 the City never sleeps\u201c\u00a0am Freitag, 13. September, 23.00 Uhr,\u00a0im Ziegelstadl Hallein!<\/p>\n<p><img loading=\"lazy\" decoding=\"async\" class=\"wp-image-6611 size-mh-magazine-content aligncenter\" src=\"http:\/\/hallein-evangelisch.at\/wp\/wp-content\/uploads\/2019\/09\/bachwerkvokal-678x381.jpg\" alt=\"\" width=\"678\" height=\"381\" \/><br \/>\nOb dieses Nachtkonzert \u201eSchlaflosigkeit\u201c oder \u201ehimmlische Ruh\u201c bei den Zuh\u00f6rer*innen hervorruft \u2013 in jedem Fall macht es das Repertoire des renommierten Salzburger Ensembles BachWerkVokal auf eine ganz andere Weise h\u00f6r- und erlebbar. Es werden Werke verschiedener Epochen zu Abend, Nacht und Traum von Bach, Reger, Rheinberger nach einer Auswahl des Ensembleleiters Gordon Safari zu h\u00f6ren sein.<\/p>\n<ul>\n<li>Ensemble BachWerkVokal<\/li>\n<li>Electra Lochhead &amp; Silvia Moroder \u2013 Sopran<\/li>\n<li>Tamara Obermayr &amp; Katrin Heles \u2013 Alt<\/li>\n<li>Bernhard Teufl &amp; Bryan Chong \u2013 Tenor<\/li>\n<li>Benjamin Sattlecker &amp; Max Tavella \u2013 Bass<\/li>\n<li>Hannah Vinzens \u2013 Violoncello<\/li>\n<\/ul>\n<h3>Gordon Safari \u2013 Leitung<\/h3>\n<p>\u201eGordon Safari geht es um lebfrisches, abwechslungsreiches Musizieren. Auffallend ist besonders, wie sehr er die S\u00e4nger vom Wort ausgehen l\u00e4sst, was zu plastischer Artikulation und quasi-dramatischem Ausdruck f\u00fchrt.\u201c<br \/>\nKarl Harb, Salzburger Nachrichten, 13.07.2015 (So macht Bach pures Vergn\u00fcgen)<\/p>\n<h3>K\u00fcnstler*innen<\/h3>\n<p>Im April 2015 gr\u00fcndete Gordon Safari das Ensemble BachWerkVokal, das seinen zentralen k\u00fcnstlerischen Bezugspunkt im Vokalwerk Johann Sebastian Bachs definiert. Innerhalb kurzer Zeit entwickelte sich BachWerkVokal zu einem anerkannten Ensemble f\u00fcr historische Auff\u00fchrungspraxis in Salzburg und \u00d6sterreich. Hervorragende Musiker*innen aus ganz Europa finden bei BachWerkVokal zu einem Klangk\u00f6rper zusammen, bestehend aus Vokalensemble und Barockorchester.<\/p>\n<p>In nur zwei Jahren realisierte dieses Ensemble unter Safari rund 30 verschiedene Programme. \u00dcber kreative Programmkonzeptionen wird eine kontextuell inspirierte Bachinterpretation angestrebt. Auf diese Weise entsteht Au\u00dfergew\u00f6hnliches: das Repertoire des 15.\u201321. Jahrhunderts wird thematisch \u2013 musikalisch mit Bach\u2019scher Musik in Beziehung gesetzt. Dar\u00fcber hinaus sucht BachWerkVokal bewusst den kreativen Austausch mit anderen K\u00fcnsten, wie Theater, Tanz, Videoart, bildender Kunst oder Lyrik und wendet sich seit 2018 auch regelm\u00e4\u00dfig der Gattung Oper \/ Musiktheater zu.<\/p>\n<p>Die Lust, die Partituren auf h\u00f6chstem Niveau zu durchdringen und die Freude an \u201eunerh\u00f6rten\u201c Interpretationen zeichnen das Ensemble BachWerkVokal unumstritten aus. F\u00fcr diese Maxime steht der k\u00fcnstlerische Leiter und Dirigent Gordon Safari ein.<\/p>\n","protected":false},"excerpt":{"rendered":"<div class=\"mh-excerpt\"><p>[2019-09-06] Herzliche Einladung zum Konzert von BachWerkVokal im Rahmen von \u201eStille Nacht \u2013 the City never sleeps\u201c\u00a0am Freitag, 13. September, 23.00 Uhr,\u00a0im Ziegelstadl Hallein! Ob dieses Nachtkonzert \u201eSchlaflosigkeit\u201c oder \u201ehimmlische Ruh\u201c bei den Zuh\u00f6rer*innen hervorruft <a class=\"mh-excerpt-more\" href=\"https:\/\/hallein-evangelisch.at\/wp\/?p=6609\" title=\"Stille Nacht \u2013 the City never sleeps\">[&#8230;]<\/a><\/p>\n<\/div>","protected":false},"author":8,"featured_media":6611,"comment_status":"closed","ping_status":"closed","sticky":false,"template":"","format":"standard","meta":{"footnotes":""},"categories":[31],"tags":[],"class_list":{"0":"post-6609","1":"post","2":"type-post","3":"status-publish","4":"format-standard","5":"has-post-thumbnail","7":"category-kultur"},"_links":{"self":[{"href":"https:\/\/hallein-evangelisch.at\/wp\/index.php?rest_route=\/wp\/v2\/posts\/6609","targetHints":{"allow":["GET"]}}],"collection":[{"href":"https:\/\/hallein-evangelisch.at\/wp\/index.php?rest_route=\/wp\/v2\/posts"}],"about":[{"href":"https:\/\/hallein-evangelisch.at\/wp\/index.php?rest_route=\/wp\/v2\/types\/post"}],"author":[{"embeddable":true,"href":"https:\/\/hallein-evangelisch.at\/wp\/index.php?rest_route=\/wp\/v2\/users\/8"}],"replies":[{"embeddable":true,"href":"https:\/\/hallein-evangelisch.at\/wp\/index.php?rest_route=%2Fwp%2Fv2%2Fcomments&post=6609"}],"version-history":[{"count":2,"href":"https:\/\/hallein-evangelisch.at\/wp\/index.php?rest_route=\/wp\/v2\/posts\/6609\/revisions"}],"predecessor-version":[{"id":6612,"href":"https:\/\/hallein-evangelisch.at\/wp\/index.php?rest_route=\/wp\/v2\/posts\/6609\/revisions\/6612"}],"wp:featuredmedia":[{"embeddable":true,"href":"https:\/\/hallein-evangelisch.at\/wp\/index.php?rest_route=\/wp\/v2\/media\/6611"}],"wp:attachment":[{"href":"https:\/\/hallein-evangelisch.at\/wp\/index.php?rest_route=%2Fwp%2Fv2%2Fmedia&parent=6609"}],"wp:term":[{"taxonomy":"category","embeddable":true,"href":"https:\/\/hallein-evangelisch.at\/wp\/index.php?rest_route=%2Fwp%2Fv2%2Fcategories&post=6609"},{"taxonomy":"post_tag","embeddable":true,"href":"https:\/\/hallein-evangelisch.at\/wp\/index.php?rest_route=%2Fwp%2Fv2%2Ftags&post=6609"}],"curies":[{"name":"wp","href":"https:\/\/api.w.org\/{rel}","templated":true}]}}