{"id":6614,"date":"2019-09-10T00:00:47","date_gmt":"2019-09-09T22:00:47","guid":{"rendered":"http:\/\/hallein-evangelisch.at\/wp\/?p=6614"},"modified":"2026-03-09T10:09:36","modified_gmt":"2026-03-09T09:09:36","slug":"ein-halbes-jahrhundert-unter-einem-gesegneten-dach","status":"publish","type":"post","link":"https:\/\/hallein-evangelisch.at\/wp\/?p=6614","title":{"rendered":"Ein halbes Jahrhundert unter einem gesegneten Dach"},"content":{"rendered":"<p>[2019-09-09]<\/p>\n<div class=\"page\" title=\"Page 1\">\n<div class=\"layoutArea\">\n<div class=\"column\">\n<figure id=\"attachment_1314\" aria-describedby=\"caption-attachment-1314\" style=\"width: 150px\" class=\"wp-caption alignleft\"><img loading=\"lazy\" decoding=\"async\" class=\"wp-image-1314 size-thumbnail\" src=\"http:\/\/hallein-evangelisch.at\/wp\/wp-content\/uploads\/2013\/04\/BildDietmar-150x150.jpg\" alt=\"Dr. Peter Gabriel (Pfarrer)\" width=\"150\" height=\"150\" srcset=\"https:\/\/hallein-evangelisch.at\/wp\/wp-content\/uploads\/2013\/04\/BildDietmar-150x150.jpg 150w, https:\/\/hallein-evangelisch.at\/wp\/wp-content\/uploads\/2013\/04\/BildDietmar-80x80.jpg 80w, https:\/\/hallein-evangelisch.at\/wp\/wp-content\/uploads\/2013\/04\/BildDietmar-70x70.jpg 70w\" sizes=\"auto, (max-width: 150px) 100vw, 150px\" \/><figcaption id=\"caption-attachment-1314\" class=\"wp-caption-text\">Dr. Peter Gabriel (Pfarrer)<\/figcaption><\/figure>\n<p>Kirchengeburtstag \u2013 das ist im evangelischen \u00d6sterreich ein eher un\u00fcbliches Fest. Aus meiner norddeutschen Heimat kenne ich j\u00e4hrliche \u201eKirchweihfeste\u201c meiner Tauf- und Konfirmationskirche, die im selben Jahr wie ich\u201egeboren\u201c wurde&#8230;<\/p>\n<p>Heuer feiern wir einen runden, den 50. Geburtstag unserer evangelischen Schaitbergerkirche \u2013 benannt nach dem evangelischen D\u00fcrrnberger Bergknappen Joseph Schaitberger (eine Kirche dieses Namens gibt es wohl nur in Hallein). Am 18. Oktober 1969 wurde sie zusammen mit der Amtseinf\u00fchrung des neuen Pfarrers, Wolfgang Del-Negro, in Dienst genommen.<\/p>\n<p>Die Kirche des Architekten Jakob Adlhart \u201eist ein schmuckloser kubischer Baumit hohem Kirchturm und quadratischem Grundriss\u201c, lese ich in Wikipedia&#8230; F\u00fcr mich war unsere Kirche ein entscheidender Grund, mich auf die Halleiner Pfarrstelle zu bewerben. Mich fasziniert nach wie vor die Kombination aus Schlichtheit und W\u00e4rme, die diese Kirche ausstrahlt, die Geborgenheit, die sie vermittelt. Ich sch\u00e4tze sehr die Anordnung der Bankreihen in U-Form, so dass die feiernde Gemeinde sich sieht, ja wirklich miteinander feiert. Und ich finde die Anordnung von Taufbecken, Altartisch und Kanzel ausgesprochen gelungen.Im Zentrum des Raumes finden alle wichtigen Lebensereignisse eines Christen, einer Christin statt: von Taufe \u00fcber Konfirmation, Trauung bis zur Trauerfeier. Das entspricht der Definition des Augsburger Bekenntnisses (Art. 7):<\/p>\n<p><img loading=\"lazy\" decoding=\"async\" class=\"size-medium wp-image-3940 aligncenter\" src=\"http:\/\/hallein-evangelisch.at\/wp\/wp-content\/uploads\/2012\/07\/slider_kirche-04-600x213.jpg\" alt=\"\" width=\"600\" height=\"213\" srcset=\"https:\/\/hallein-evangelisch.at\/wp\/wp-content\/uploads\/2012\/07\/slider_kirche-04-600x213.jpg 600w, https:\/\/hallein-evangelisch.at\/wp\/wp-content\/uploads\/2012\/07\/slider_kirche-04-1024x363.jpg 1024w, https:\/\/hallein-evangelisch.at\/wp\/wp-content\/uploads\/2012\/07\/slider_kirche-04-958x340.jpg 958w, https:\/\/hallein-evangelisch.at\/wp\/wp-content\/uploads\/2012\/07\/slider_kirche-04.jpg 1510w\" sizes=\"auto, (max-width: 600px) 100vw, 600px\" \/><br \/>\nEine Kirche ist \u201edie Versammlung aller Gl\u00e4ubigen (&#8230;), bei denen das Evangelium rein gepredigt und die heiligen Sakramente laut dem Evangelium gereicht werden.\u201c<\/p>\n<h4>Aber wie halten es Evangelische \u00fcberhaupt mit ihren Kirchbauten?<\/h4>\n<p>Auf unserer heurigen Bildungsreise waren wir auch in der ersten als solcher 1544 erbauten evangelischen Kirche, in der Schlosskirche in Torgau. Bei ihrer Er\u00f6ffnung am 5. Oktober 1544 predigte Martin Luther u.a. folgendes: \u201eMeine lieben Freunde, wir wollen jetzt dieses neue Haus einsegnen und unserem Herrn Jesus Christus weihen. Das geb\u00fchrt nicht mir allein, sondern ihr sollt auch zugleich mit angreifen, auf dass dieses neue Haus dahin gerichtet werde, dass nichts anderes darin geschehe, als dass unser lieber Herr selbst mit uns rede durch sein heiliges Wort und wir umgekehrt mit ihm reden durch unser\u00a0Gebet und Lobgesang.\u201c Luther macht damit klar, was im Haus Gottes, in einer Kirche geschehen soll: Gott redet mit uns und wir reden mit Gott, also ein\u00a0Ort der Kommunikation zwischen Gott und Mensch, ein Versammlungsort der Gemeinschaft der Gl\u00e4ubigen. F\u00fcr sie ist die Kirche ein wichtiger Ort, aber es ist kein heiliger Ort in dem Sinn, als w\u00e4re er von sich aus heilig. Er gewinnt seine Bedeutung aus dem, was in ihm geschieht. Denn so f\u00e4hrt Luther fort: \u201eKann es nicht unter einem Dach oder in einer Kirche geschehen, so geschehe es auf einem freien Platz unter dem Himmel, oder wo Raum dazu ist, aber doch so, dass es eine ordentliche, allgemeine, \u00f6ffentliche Versammlung sei.\u201c Deshalb gibt es bei uns Evangelischen auch keine rituelle Weihehandlung f\u00fcr einen Kirchbau, etwa durch einen Bischof.<\/p>\n<p>So stecken die folgenden Erz\u00e4hlungen dieses Gemeindebriefes voller Erfahrung von Menschen in und mit unserer Schaitbergerkirche: In ihnen spiegelt sich die Bedeutung dieses Raumes.<\/p>\n<p>Geburtstag hei\u00dft ja auch: sich zur\u00fcck erinnern an vor allem sch\u00f6ne Momente,an gelingendes Leben, an gl\u00fcckliche Stunden \u2013 ja an Gottes Wirken und Segen im Leben. Das wollen wir mit diesem Heft und im Geburtstagmonat Oktober tun \u2013 im Blick auf unsere Kirche und im Blick auf die vielen Menschen, denen unsere Kirche ein St\u00fcck Heimat geworden ist.<\/p>\n<p>Deshalb: Feiert mit uns den Kirchengeburtstag am 29. September, lauscht den Worten unseres ehemaligen Pfarrers am 15. Oktober.<\/p>\n<p>M\u00f6ge Gottes Segen weiterhin diese Kirche, unsere Gemeinde begleiten und vor allem alle Menschen, die hier ein- und ausgehen, getauft, konfirmiert, getraut u. betrauert werden! Das w\u00fcnscht uns,<\/p>\n<p><em>Euer Peter Gabriel (Pfarrer)<\/em><\/p>\n<p>&nbsp;<\/p>\n<\/div>\n<\/div>\n<\/div>\n","protected":false},"excerpt":{"rendered":"<div class=\"mh-excerpt\"><p>[2019-09-09] Kirchengeburtstag \u2013 das ist im evangelischen \u00d6sterreich ein eher un\u00fcbliches Fest. Aus meiner norddeutschen Heimat kenne ich j\u00e4hrliche \u201eKirchweihfeste\u201c meiner Tauf- und Konfirmationskirche, die im selben Jahr wie ich\u201egeboren\u201c wurde&#8230; Heuer feiern wir einen <a class=\"mh-excerpt-more\" href=\"https:\/\/hallein-evangelisch.at\/wp\/?p=6614\" title=\"Ein halbes Jahrhundert unter einem gesegneten Dach\">[&#8230;]<\/a><\/p>\n<\/div>","protected":false},"author":8,"featured_media":2443,"comment_status":"closed","ping_status":"closed","sticky":false,"template":"","format":"standard","meta":{"footnotes":""},"categories":[81,114],"tags":[],"class_list":{"0":"post-6614","1":"post","2":"type-post","3":"status-publish","4":"format-standard","5":"has-post-thumbnail","7":"category-50-jahre","8":"category-unsere_kirche"},"_links":{"self":[{"href":"https:\/\/hallein-evangelisch.at\/wp\/index.php?rest_route=\/wp\/v2\/posts\/6614","targetHints":{"allow":["GET"]}}],"collection":[{"href":"https:\/\/hallein-evangelisch.at\/wp\/index.php?rest_route=\/wp\/v2\/posts"}],"about":[{"href":"https:\/\/hallein-evangelisch.at\/wp\/index.php?rest_route=\/wp\/v2\/types\/post"}],"author":[{"embeddable":true,"href":"https:\/\/hallein-evangelisch.at\/wp\/index.php?rest_route=\/wp\/v2\/users\/8"}],"replies":[{"embeddable":true,"href":"https:\/\/hallein-evangelisch.at\/wp\/index.php?rest_route=%2Fwp%2Fv2%2Fcomments&post=6614"}],"version-history":[{"count":5,"href":"https:\/\/hallein-evangelisch.at\/wp\/index.php?rest_route=\/wp\/v2\/posts\/6614\/revisions"}],"predecessor-version":[{"id":18063,"href":"https:\/\/hallein-evangelisch.at\/wp\/index.php?rest_route=\/wp\/v2\/posts\/6614\/revisions\/18063"}],"wp:featuredmedia":[{"embeddable":true,"href":"https:\/\/hallein-evangelisch.at\/wp\/index.php?rest_route=\/wp\/v2\/media\/2443"}],"wp:attachment":[{"href":"https:\/\/hallein-evangelisch.at\/wp\/index.php?rest_route=%2Fwp%2Fv2%2Fmedia&parent=6614"}],"wp:term":[{"taxonomy":"category","embeddable":true,"href":"https:\/\/hallein-evangelisch.at\/wp\/index.php?rest_route=%2Fwp%2Fv2%2Fcategories&post=6614"},{"taxonomy":"post_tag","embeddable":true,"href":"https:\/\/hallein-evangelisch.at\/wp\/index.php?rest_route=%2Fwp%2Fv2%2Ftags&post=6614"}],"curies":[{"name":"wp","href":"https:\/\/api.w.org\/{rel}","templated":true}]}}