{"id":6746,"date":"2019-11-03T00:00:22","date_gmt":"2019-11-02T23:00:22","guid":{"rendered":"http:\/\/hallein-evangelisch.at\/wp\/?p=6746"},"modified":"2019-10-05T16:15:36","modified_gmt":"2019-10-05T14:15:36","slug":"heimat-die-neue-religion","status":"publish","type":"post","link":"https:\/\/hallein-evangelisch.at\/wp\/?p=6746","title":{"rendered":"Heimat \u2013 die neue Religion?"},"content":{"rendered":"<p>[2019-11-02]<\/p>\n<p><img loading=\"lazy\" decoding=\"async\" class=\"size-medium wp-image-6748 aligncenter\" src=\"http:\/\/hallein-evangelisch.at\/wp\/wp-content\/uploads\/2019\/10\/landscape-3538527_1280-600x400.jpg\" alt=\"\" width=\"600\" height=\"400\" srcset=\"https:\/\/hallein-evangelisch.at\/wp\/wp-content\/uploads\/2019\/10\/landscape-3538527_1280-600x400.jpg 600w, https:\/\/hallein-evangelisch.at\/wp\/wp-content\/uploads\/2019\/10\/landscape-3538527_1280-1024x683.jpg 1024w, https:\/\/hallein-evangelisch.at\/wp\/wp-content\/uploads\/2019\/10\/landscape-3538527_1280.jpg 1280w\" sizes=\"auto, (max-width: 600px) 100vw, 600px\" \/>Wenn man seit der Fl\u00fcchtlingskrise 2015 die Nachrichten studiert und die gesellschaftlichen, politischen Entwicklungen verfolgt, dann kann man feststellen, dass der Begriff \u201eHeimat\u201c seither zunehmend an Bedeutung gewonnen hat. Die \u00c4ngste, die aus dieser Situation entstanden sind, haben dazu gef\u00fchrt, dass die Menschen noch mehr als fr\u00fcher Sicherheit im Vertrauten, Wohlbekannten suchen \u2013 in dem, was man unter dem Begriff der \u201eHeimat\u201c zusammenfasst eben. An dieser Stelle soll nicht beklagt werden, dass unverantwortliche Politiker seitdem mit diesen \u00c4ngsten in einer bedenklichen Art und Weise spielen und auf dem R\u00fccken von Menschenschicksalen Wahlerfolge einfahren. Dass es so ist, ist leider unbestreitbar, aber diese eine kurze Bemerkung dazu soll hier ausreichend sein.<\/p>\n<p>Heimat ist in der Tat etwas Wichtiges; jeder Mensch braucht sie in irgendeiner Weise als etwas, das ihm oder ihr Halt gibt, wie ein Hafen, in den man stets einfahren kann, um sicher zu ankern und Ruhe zu finden, neue Kr\u00e4fte zu sammeln. Menschen, die nirgendwo Heimat haben, nirgendwo \u201ezu Hause\u201c sind, ob nun physisch oder psychisch, sind nicht zu beneiden, denn sie tragen eine gro\u00dfe Last mit sich, die ihnen das Leben oft schwer macht.<\/p>\n<p>Physische Heimat, damit verbindet man zumeist einen Staat, ein Land oder auch nur eine Region oder einen Ort. Mit psychischer Heimat kann viel gemeint sein. Hier kann die Familie, die Kirche, der Kreis vertrauter Freunde die entscheidende Heimat bieten.<\/p>\n<p>Eines ist all diesen Formen von Heimat gemeinsam: Sie bieten Sicherheit durch Identifikation, durch Gemeinschaft, durch Vertrautheit. Aber wenn man ein wenig genauer hinblickt, dann muss man auch erkennen, dass oftmals nicht weit genug gedacht oder gesehen wird. Und deswegen kommt es h\u00e4ufig zu einem nicht\u00a0unwesentlichen Fehlschluss: Man f\u00fchlt sich wohl, also muss es gut sein. Oder anders gesagt: Ich f\u00fchle mich wohl in \u00d6sterreich, also muss \u00d6sterreich gut sein. Man f\u00fchlt sich wohl in der Kirche, in der Religion, also muss es gut sein.\u00a0Und der Fehlschluss f\u00fchrt schlie\u00dflich weiter: Wer \u00d6sterreich kritisiert, ist ein Heimatverr\u00e4ter. Wer die Religion kritisiert, ist ein gottloser (also schlechter) Mensch.<\/p>\n<p>Sp\u00e4testens ab hier beginnt die Sache mit der Heimat \u201eunheimelig\u201c zu werden. Bei aller Sehnsucht nach Heimat: Nur wenn wir unsere Heimat gestalten und auf sie aufpassen, kann sie wertvoll bleiben. Ich bin nicht toll, nur weil ich \u00d6sterreicher bin (oder Europ\u00e4er oder Vertreter des christlichen Abendlandes oder&#8230;). Ich bin nicht besser als andere, weil ich Christ bin (oder Moslem oder Jude oder&#8230;)<\/p>\n<p>Es muss egal sein, ob Heimat ein Staat, ein Land oder eine Religion oder etwas \u00c4hnliches ist. Heimat sollte man daran erkennen, wie Menschen miteinander umgehen, welche Werte sie achten. Und nicht daran, welche Menschen in dieser Heimat geduldet werden und welche nicht.<\/p>\n<p>Wer Heimat in der Abgrenzung von anderen definiert und in der Heimat den Grund daf\u00fcr sieht, warum man besser ist als andere, der sorgt daf\u00fcr, dass dieser Heimattyp irgendwann dazu f\u00fchrt, dass andere aus dieser Heimat \u201efl\u00fcchten\u201cm\u00fcssen.<\/p>\n<p>Und so enden diese Gedanken doch wieder beim \u201eFl\u00fcchten\u201c&#8230; und mit einem Buchtipp:\u00a0Rafik Schami, \u201eDie Sehnsucht der Schwalbe\u201c erz\u00e4hlt eine wunderbar einf\u00fchlsame Geschichte eines Fl\u00fcchtlings (lange vor 2015) und seiner Verfolgung durch einen Fremdenpolizisten, der es sich zur Aufgabe gemacht hat, den Fl\u00fcchtling immer und immer wieder zu erwischen und abzuschieben. Und der Fl\u00fcchtling kommt immer und immer wieder, obwohl er wei\u00df, was ihn erwartet. Bis der Fremdenpolizist erkennt, dass nicht Gesetze bestimmen k\u00f6nnen, wo jemand Heimat findet.<\/p>\n<p><em>Hartmut Schwaiger<\/em><\/p>\n","protected":false},"excerpt":{"rendered":"<div class=\"mh-excerpt\"><p>[2019-11-02] Wenn man seit der Fl\u00fcchtlingskrise 2015 die Nachrichten studiert und die gesellschaftlichen, politischen Entwicklungen verfolgt, dann kann man feststellen, dass der Begriff \u201eHeimat\u201c seither zunehmend an Bedeutung gewonnen hat. Die \u00c4ngste, die aus dieser <a class=\"mh-excerpt-more\" href=\"https:\/\/hallein-evangelisch.at\/wp\/?p=6746\" title=\"Heimat \u2013 die neue Religion?\">[&#8230;]<\/a><\/p>\n<\/div>","protected":false},"author":8,"featured_media":6748,"comment_status":"closed","ping_status":"closed","sticky":false,"template":"","format":"standard","meta":{"footnotes":""},"categories":[1],"tags":[],"class_list":{"0":"post-6746","1":"post","2":"type-post","3":"status-publish","4":"format-standard","5":"has-post-thumbnail","7":"category-allgemein"},"_links":{"self":[{"href":"https:\/\/hallein-evangelisch.at\/wp\/index.php?rest_route=\/wp\/v2\/posts\/6746","targetHints":{"allow":["GET"]}}],"collection":[{"href":"https:\/\/hallein-evangelisch.at\/wp\/index.php?rest_route=\/wp\/v2\/posts"}],"about":[{"href":"https:\/\/hallein-evangelisch.at\/wp\/index.php?rest_route=\/wp\/v2\/types\/post"}],"author":[{"embeddable":true,"href":"https:\/\/hallein-evangelisch.at\/wp\/index.php?rest_route=\/wp\/v2\/users\/8"}],"replies":[{"embeddable":true,"href":"https:\/\/hallein-evangelisch.at\/wp\/index.php?rest_route=%2Fwp%2Fv2%2Fcomments&post=6746"}],"version-history":[{"count":2,"href":"https:\/\/hallein-evangelisch.at\/wp\/index.php?rest_route=\/wp\/v2\/posts\/6746\/revisions"}],"predecessor-version":[{"id":6749,"href":"https:\/\/hallein-evangelisch.at\/wp\/index.php?rest_route=\/wp\/v2\/posts\/6746\/revisions\/6749"}],"wp:featuredmedia":[{"embeddable":true,"href":"https:\/\/hallein-evangelisch.at\/wp\/index.php?rest_route=\/wp\/v2\/media\/6748"}],"wp:attachment":[{"href":"https:\/\/hallein-evangelisch.at\/wp\/index.php?rest_route=%2Fwp%2Fv2%2Fmedia&parent=6746"}],"wp:term":[{"taxonomy":"category","embeddable":true,"href":"https:\/\/hallein-evangelisch.at\/wp\/index.php?rest_route=%2Fwp%2Fv2%2Fcategories&post=6746"},{"taxonomy":"post_tag","embeddable":true,"href":"https:\/\/hallein-evangelisch.at\/wp\/index.php?rest_route=%2Fwp%2Fv2%2Ftags&post=6746"}],"curies":[{"name":"wp","href":"https:\/\/api.w.org\/{rel}","templated":true}]}}