{"id":6781,"date":"2019-11-09T00:00:59","date_gmt":"2019-11-08T23:00:59","guid":{"rendered":"http:\/\/hallein-evangelisch.at\/wp\/?p=6781"},"modified":"2019-11-11T15:26:33","modified_gmt":"2019-11-11T14:26:33","slug":"der-count-down-laeuft","status":"publish","type":"post","link":"https:\/\/hallein-evangelisch.at\/wp\/?p=6781","title":{"rendered":"Der Count-Down l\u00e4uft!"},"content":{"rendered":"<p>[2019-11-08]<\/p>\n<p>An Lebkuchen ab August haben wir uns l\u00e4ngst schon gew\u00f6hnt. Aber ein geschm\u00fcckter Weihnachtsbaum mit darunter drapierten Weihnachtsgeschenken (gesehen am 21. September! in einem nahegelegenen Supermarkt) ist nicht gew\u00f6hnungsbed\u00fcrftig, sondern \u00c4rgernis erregend.<br \/>\nImmer fr\u00fcher, immer schriller lautet die Devise. Die Kunst des Wartens ist uns abhanden gekommen.<\/p>\n<p>Wir in unserer evangelischen Gemeinde beugen uns dem Zeitgeist nicht:<br \/>\nMit der Er\u00f6ffnung des allj\u00e4hrlichen Adventmarkts am 1. Adventwochenende, dem abendlichen gemeinsamen Adventliedersingen und mit dem Entz\u00fcnden der ersten Kerze am Adventkranz in der Kirche beginnt f\u00fcr uns die Zeit des Wartens. Nichts wird vorweggenommen auf dem Weg zum \u201eimmer lichter Werden\u201c. Wir wollen die Wochen der Vorfreude miteinander teilen und laden Sie\/Euch herzlich zu unseren Advent-Gottesdiensten und Veranstaltungen ein!<\/p>\n<p>Besonders wir, das Adventmarkt-Team unserer Pfarrgemeinde freut sich auf regen Besuch, denn unz\u00e4hlige liebevoll hergestellte Dinge warten auf K\u00e4ufer, die Handgefertigtes, weit ab von industrieller Massenware, zu sch\u00e4tzen wissen.<\/p>\n<p>Wir spenden eine Menge unserer Zeit und unser Geschick, Ihr spendet einen angemessenen, meist kleinen Obolus, den wir dann an jene verschenken, die im Dunkeln sind. So werden wir gemeinsam zu Lichtbringern!<\/p>\n","protected":false},"excerpt":{"rendered":"<div class=\"mh-excerpt\"><p>[2019-11-08] An Lebkuchen ab August haben wir uns l\u00e4ngst schon gew\u00f6hnt. Aber ein geschm\u00fcckter Weihnachtsbaum mit darunter drapierten Weihnachtsgeschenken (gesehen am 21. September! in einem nahegelegenen Supermarkt) ist nicht gew\u00f6hnungsbed\u00fcrftig, sondern \u00c4rgernis erregend. Immer fr\u00fcher, <a class=\"mh-excerpt-more\" href=\"https:\/\/hallein-evangelisch.at\/wp\/?p=6781\" title=\"Der Count-Down l\u00e4uft!\">[&#8230;]<\/a><\/p>\n<\/div>","protected":false},"author":8,"featured_media":6783,"comment_status":"closed","ping_status":"closed","sticky":false,"template":"","format":"standard","meta":{"footnotes":""},"categories":[1],"tags":[],"class_list":{"0":"post-6781","1":"post","2":"type-post","3":"status-publish","4":"format-standard","5":"has-post-thumbnail","7":"category-allgemein"},"_links":{"self":[{"href":"https:\/\/hallein-evangelisch.at\/wp\/index.php?rest_route=\/wp\/v2\/posts\/6781","targetHints":{"allow":["GET"]}}],"collection":[{"href":"https:\/\/hallein-evangelisch.at\/wp\/index.php?rest_route=\/wp\/v2\/posts"}],"about":[{"href":"https:\/\/hallein-evangelisch.at\/wp\/index.php?rest_route=\/wp\/v2\/types\/post"}],"author":[{"embeddable":true,"href":"https:\/\/hallein-evangelisch.at\/wp\/index.php?rest_route=\/wp\/v2\/users\/8"}],"replies":[{"embeddable":true,"href":"https:\/\/hallein-evangelisch.at\/wp\/index.php?rest_route=%2Fwp%2Fv2%2Fcomments&post=6781"}],"version-history":[{"count":1,"href":"https:\/\/hallein-evangelisch.at\/wp\/index.php?rest_route=\/wp\/v2\/posts\/6781\/revisions"}],"predecessor-version":[{"id":6782,"href":"https:\/\/hallein-evangelisch.at\/wp\/index.php?rest_route=\/wp\/v2\/posts\/6781\/revisions\/6782"}],"wp:featuredmedia":[{"embeddable":true,"href":"https:\/\/hallein-evangelisch.at\/wp\/index.php?rest_route=\/wp\/v2\/media\/6783"}],"wp:attachment":[{"href":"https:\/\/hallein-evangelisch.at\/wp\/index.php?rest_route=%2Fwp%2Fv2%2Fmedia&parent=6781"}],"wp:term":[{"taxonomy":"category","embeddable":true,"href":"https:\/\/hallein-evangelisch.at\/wp\/index.php?rest_route=%2Fwp%2Fv2%2Fcategories&post=6781"},{"taxonomy":"post_tag","embeddable":true,"href":"https:\/\/hallein-evangelisch.at\/wp\/index.php?rest_route=%2Fwp%2Fv2%2Ftags&post=6781"}],"curies":[{"name":"wp","href":"https:\/\/api.w.org\/{rel}","templated":true}]}}