{"id":7124,"date":"2020-03-10T19:30:16","date_gmt":"2020-03-10T18:30:16","guid":{"rendered":"http:\/\/hallein-evangelisch.at\/wp\/?p=7124"},"modified":"2022-02-19T15:22:09","modified_gmt":"2022-02-19T14:22:09","slug":"pilgern-historisch","status":"publish","type":"post","link":"https:\/\/hallein-evangelisch.at\/wp\/?p=7124","title":{"rendered":"Pilgern historisch"},"content":{"rendered":"<p>[2020-03-10]<\/p>\n<p>Im Anfang war die Sehnsucht. Immer wollten die Menschen den G\u00f6ttern nahe sein. Deshalb machten und machen sich in nahezu allen Religionen\u00a0die Gl\u00e4ubigen auf den Weg zu deren Wirkst\u00e4tten, Wohnst\u00e4tten und Orten der Begegnung mit den Menschen. Auch so im Christentum.<\/p>\n<p>Seit dem Auffinden des Kreuzes Jesu Christi durch Kaiserin Helena setzte der Pilgerstrom ins Heilige Land ein &#8211; langsam, von vielen Ereignissen unterbrochen, aber doch irgendwie stetig &#8211; bis heute &#8211; so wie an vielen anderen besonderen Orten &#8211; etwa den beiden anderen gro\u00dfen Pilgerzielen Europas, Rom und Santiago de Compostela.<\/p>\n<p>Im Mittelalter gesellte sich dann zur Pilgerbewegung eine weitere dazu \u2013 die Wallfahrt. Wunder und besondere Gnadenereignisse machten aus zahllosen Orten Pilgerziele, die die Christen in einem zweideutigen Sinn bewegen.<\/p>\n<p>Der Referent des 3. Abends der Fastenaktion, Mag. Hermann Signitzer, ist seit 2010 Referent f\u00fcr Tourismuspastoral im Seelsorgeamt der Erzdi\u00f6zese Salzburg.<\/p>\n<h3>3. Abend der Fastenaktion 2020<\/h3>\n<ul>\n<li>Dienstag, 17. M\u00e4rz 2020 um 19:30 Uhr<\/li>\n<li>\u00a0\u201ePilgern historisch\u201c<br \/>\n\u201eEr wird deinen Fu\u00df nicht gleiten lassen\u201c<\/li>\n<li>Vortrag von Mag. Hermann Signitzer, Salzburg<\/li>\n<li>Pfarrzentrum Rif, Hallein,\u00a0Rifer-Hauptstra\u00dfe 37<\/li>\n<\/ul>\n<p><img loading=\"lazy\" decoding=\"async\" class=\"alignleft size-full wp-image-6995\" src=\"http:\/\/hallein-evangelisch.at\/wp\/wp-content\/uploads\/2019\/12\/plakat_2020_v10.jpg\" alt=\"\" width=\"595\" height=\"841\" srcset=\"https:\/\/hallein-evangelisch.at\/wp\/wp-content\/uploads\/2019\/12\/plakat_2020_v10.jpg 595w, https:\/\/hallein-evangelisch.at\/wp\/wp-content\/uploads\/2019\/12\/plakat_2020_v10-424x600.jpg 424w\" sizes=\"auto, (max-width: 595px) 100vw, 595px\" \/><\/p>\n","protected":false},"excerpt":{"rendered":"<div class=\"mh-excerpt\"><p>[2020-03-10] Im Anfang war die Sehnsucht. Immer wollten die Menschen den G\u00f6ttern nahe sein. Deshalb machten und machen sich in nahezu allen Religionen\u00a0die Gl\u00e4ubigen auf den Weg zu deren Wirkst\u00e4tten, Wohnst\u00e4tten und Orten der Begegnung <a class=\"mh-excerpt-more\" href=\"https:\/\/hallein-evangelisch.at\/wp\/?p=7124\" title=\"Pilgern historisch\">[&#8230;]<\/a><\/p>\n<\/div>","protected":false},"author":8,"featured_media":7000,"comment_status":"closed","ping_status":"closed","sticky":false,"template":"","format":"standard","meta":{"footnotes":""},"categories":[18],"tags":[],"class_list":{"0":"post-7124","1":"post","2":"type-post","3":"status-publish","4":"format-standard","5":"has-post-thumbnail","7":"category-fastenaktion-archiv"},"_links":{"self":[{"href":"https:\/\/hallein-evangelisch.at\/wp\/index.php?rest_route=\/wp\/v2\/posts\/7124","targetHints":{"allow":["GET"]}}],"collection":[{"href":"https:\/\/hallein-evangelisch.at\/wp\/index.php?rest_route=\/wp\/v2\/posts"}],"about":[{"href":"https:\/\/hallein-evangelisch.at\/wp\/index.php?rest_route=\/wp\/v2\/types\/post"}],"author":[{"embeddable":true,"href":"https:\/\/hallein-evangelisch.at\/wp\/index.php?rest_route=\/wp\/v2\/users\/8"}],"replies":[{"embeddable":true,"href":"https:\/\/hallein-evangelisch.at\/wp\/index.php?rest_route=%2Fwp%2Fv2%2Fcomments&post=7124"}],"version-history":[{"count":7,"href":"https:\/\/hallein-evangelisch.at\/wp\/index.php?rest_route=\/wp\/v2\/posts\/7124\/revisions"}],"predecessor-version":[{"id":10644,"href":"https:\/\/hallein-evangelisch.at\/wp\/index.php?rest_route=\/wp\/v2\/posts\/7124\/revisions\/10644"}],"wp:featuredmedia":[{"embeddable":true,"href":"https:\/\/hallein-evangelisch.at\/wp\/index.php?rest_route=\/wp\/v2\/media\/7000"}],"wp:attachment":[{"href":"https:\/\/hallein-evangelisch.at\/wp\/index.php?rest_route=%2Fwp%2Fv2%2Fmedia&parent=7124"}],"wp:term":[{"taxonomy":"category","embeddable":true,"href":"https:\/\/hallein-evangelisch.at\/wp\/index.php?rest_route=%2Fwp%2Fv2%2Fcategories&post=7124"},{"taxonomy":"post_tag","embeddable":true,"href":"https:\/\/hallein-evangelisch.at\/wp\/index.php?rest_route=%2Fwp%2Fv2%2Ftags&post=7124"}],"curies":[{"name":"wp","href":"https:\/\/api.w.org\/{rel}","templated":true}]}}