{"id":7137,"date":"2020-03-17T00:00:50","date_gmt":"2020-03-16T23:00:50","guid":{"rendered":"http:\/\/hallein-evangelisch.at\/wp\/?p=7137"},"modified":"2020-04-22T10:25:34","modified_gmt":"2020-04-22T08:25:34","slug":"ostern-2020","status":"publish","type":"post","link":"https:\/\/hallein-evangelisch.at\/wp\/?p=7137","title":{"rendered":"Ostern 2020"},"content":{"rendered":"<p>[2020-03-16]<\/p>\n<p>Der neue Gemeindebrief f\u00fcr das Fr\u00fchjahr und nat\u00fcrlich auch die Fastenzeit und Ostern wird dieser Tage per Post ausgeliefert. Wir bieten allen Interessenten die M\u00f6glichkeit, diesen Gemeindebrief gleich direkt auf unserer Homepage nachzulesen, wobei seit dieser Ausgabe zum Lesen der Gemeindebrief nicht einmal mehr heruntergeladen werden muss.<\/p>\n<p><strong>WICHTIG: <\/strong>Betreffend Termine und Veranstaltungen wegen des Corona-Virus bitte unbedingt die Eintr\u00e4ge auf der Homepage beachten!<\/p>\n<p>Wir w\u00fcnschen viel Freue beim Durchst\u00f6bern der neuesten Ausgabe!<\/p>\n<a href=\"https:\/\/hallein-evangelisch.at\/wp\/wp-content\/uploads\/2020\/03\/2020_02_25_Gemeindebrief.pdf\" class=\"pdfemb-viewer\" style=\"\" data-width=\"max\" data-height=\"max\" data-toolbar=\"bottom\" data-toolbar-fixed=\"on\">2020_02_25_Gemeindebrief<\/a>\n<p>Sie k\u00f6nnen den Gemeindebrief <a href=\"http:\/\/hallein-evangelisch.at\/wp\/wp-content\/uploads\/2020\/03\/2020_02_25_Gemeindebrief.pdf\" target=\"_blank\" rel=\"noopener noreferrer\">hier<\/a> auch direkt auf Ihr Ger\u00e4t herunterladen.<\/p>\n<p>&nbsp;<\/p>\n","protected":false},"excerpt":{"rendered":"<div class=\"mh-excerpt\"><p>[2020-03-16] Der neue Gemeindebrief f\u00fcr das Fr\u00fchjahr und nat\u00fcrlich auch die Fastenzeit und Ostern wird dieser Tage per Post ausgeliefert. Wir bieten allen Interessenten die M\u00f6glichkeit, diesen Gemeindebrief gleich direkt auf unserer Homepage nachzulesen, wobei <a class=\"mh-excerpt-more\" href=\"https:\/\/hallein-evangelisch.at\/wp\/?p=7137\" title=\"Ostern 2020\">[&#8230;]<\/a><\/p>\n<\/div>","protected":false},"author":8,"featured_media":7144,"comment_status":"closed","ping_status":"closed","sticky":false,"template":"","format":"standard","meta":{"footnotes":""},"categories":[27],"tags":[],"class_list":{"0":"post-7137","1":"post","2":"type-post","3":"status-publish","4":"format-standard","5":"has-post-thumbnail","7":"category-gemeindebrief"},"_links":{"self":[{"href":"https:\/\/hallein-evangelisch.at\/wp\/index.php?rest_route=\/wp\/v2\/posts\/7137","targetHints":{"allow":["GET"]}}],"collection":[{"href":"https:\/\/hallein-evangelisch.at\/wp\/index.php?rest_route=\/wp\/v2\/posts"}],"about":[{"href":"https:\/\/hallein-evangelisch.at\/wp\/index.php?rest_route=\/wp\/v2\/types\/post"}],"author":[{"embeddable":true,"href":"https:\/\/hallein-evangelisch.at\/wp\/index.php?rest_route=\/wp\/v2\/users\/8"}],"replies":[{"embeddable":true,"href":"https:\/\/hallein-evangelisch.at\/wp\/index.php?rest_route=%2Fwp%2Fv2%2Fcomments&post=7137"}],"version-history":[{"count":9,"href":"https:\/\/hallein-evangelisch.at\/wp\/index.php?rest_route=\/wp\/v2\/posts\/7137\/revisions"}],"predecessor-version":[{"id":7598,"href":"https:\/\/hallein-evangelisch.at\/wp\/index.php?rest_route=\/wp\/v2\/posts\/7137\/revisions\/7598"}],"wp:featuredmedia":[{"embeddable":true,"href":"https:\/\/hallein-evangelisch.at\/wp\/index.php?rest_route=\/wp\/v2\/media\/7144"}],"wp:attachment":[{"href":"https:\/\/hallein-evangelisch.at\/wp\/index.php?rest_route=%2Fwp%2Fv2%2Fmedia&parent=7137"}],"wp:term":[{"taxonomy":"category","embeddable":true,"href":"https:\/\/hallein-evangelisch.at\/wp\/index.php?rest_route=%2Fwp%2Fv2%2Fcategories&post=7137"},{"taxonomy":"post_tag","embeddable":true,"href":"https:\/\/hallein-evangelisch.at\/wp\/index.php?rest_route=%2Fwp%2Fv2%2Ftags&post=7137"}],"curies":[{"name":"wp","href":"https:\/\/api.w.org\/{rel}","templated":true}]}}