{"id":7165,"date":"2020-03-12T00:00:44","date_gmt":"2020-03-11T23:00:44","guid":{"rendered":"http:\/\/hallein-evangelisch.at\/wp\/?p=7165"},"modified":"2022-11-07T12:26:49","modified_gmt":"2022-11-07T11:26:49","slug":"angebote-fuer-konfis-und-jugendliche","status":"publish","type":"post","link":"https:\/\/hallein-evangelisch.at\/wp\/?p=7165","title":{"rendered":"Angebote f\u00fcr Konfis und Jugendliche"},"content":{"rendered":"<p>[2020-03-11]<\/p>\n<h3><\/h3>\n<h3>Konfirmations-Zeit<\/h3>\n<ul>\n<li>(freitags, 15.00 \u2013 17.30):<del> 20.03.<\/del>, 24.04., 15.05., 29.05.<\/li>\n<li>Elternabend: Dienstag, 28.04., 19.30 Uhr<\/li>\n<li>Freizeit in der Schwaigm\u00fchle Gro\u00dfgmain 8.-10.05.2020<\/li>\n<li>Abschlussgottesdienst: Sonntag, 17.05., 09.30 Uhr<\/li>\n<\/ul>\n<h3>Einladung zur n\u00e4chsten Konfirmations-Zeit<\/h3>\n<figure id=\"attachment_7285\" aria-describedby=\"caption-attachment-7285\" style=\"width: 250px\" class=\"wp-caption alignleft\"><img loading=\"lazy\" decoding=\"async\" class=\"wp-image-7285\" src=\"http:\/\/hallein-evangelisch.at\/wp\/wp-content\/uploads\/2020\/03\/coronavirus-4833754_1280.jpg\" alt=\"\" width=\"250\" height=\"125\" srcset=\"https:\/\/hallein-evangelisch.at\/wp\/wp-content\/uploads\/2020\/03\/coronavirus-4833754_1280.jpg 1280w, https:\/\/hallein-evangelisch.at\/wp\/wp-content\/uploads\/2020\/03\/coronavirus-4833754_1280-600x300.jpg 600w, https:\/\/hallein-evangelisch.at\/wp\/wp-content\/uploads\/2020\/03\/coronavirus-4833754_1280-1024x512.jpg 1024w\" sizes=\"auto, (max-width: 250px) 100vw, 250px\" \/><figcaption id=\"caption-attachment-7285\" class=\"wp-caption-text\">Aufgrund der aktuellen Situation durch die Verbreitung des Corona-Virus ergeben sich eine Reihe von \u00c4nderungen und Absagen. Wir versuchen Sie \u00fcber unsere Homepage dar\u00fcber am Laufenden zu halten.<\/figcaption><\/figure>\n<p>Ende Mai werden alle evangelischen Jugendlichen, die zwischen August 2006\u00a0und August 2007 geboren worden sind und im kommenden Schuljahr die 4. Klasse der Mittelschule oder des Gymnasiums besuchen, eine Einladung zur Konfirmations-Zeit f\u00fcr die Konfirmation am Pfingstsonntag, 23. Mai 2021, zugeschickt bekommen. Falls Ihr Kind keinen Brief bekommen hat und gerne\u00a0an der Konfirmations-Zeit teilnehmen m\u00f6chte, setzen Sie sich bitte mit dem Pfarramt in Verbindung.<br \/>\nAuch wer bisher nicht getauft worden ist, kann an der Konfirmations-Zeit teilnehmen und wird dann w\u00e4hrend der Konfirmations-Zeit getauft.<\/p>\n<p>Alle neuen Konfirmandinnen und Konfirmanden treffen sich gemeinsam mit ihren Eltern zum Anmeldetermin und zur Einstiegseinheit am Freitag, 19. Juni, 15.00 &#8211; 18.00 Uhr im Pfarrhaus! Es w\u00e4re super, wenn zumindest ein Elternteil von 17.-18.00 Uhr f\u00fcr die Anmeldung und den Infoblock dabei sein k\u00f6nnte.<\/p>\n<p>Die Konfirmations-Zeit findet in der Regel alle 14 Tage am Freitagnachmittag von 15.00 \u2013 17.30 Uhr im Pfarrhaus statt, zum ersten Mal dann nach den Sommerferien am 18. September 2020.<\/p>\n<h3>Jugendtreff<\/h3>\n<p>(letzter Freitag im Monat ab 19.00 Uhr): <del>27.03<\/del>., 24.04., 29.05., 26.06.<br \/>\nTermine werden auch per Mail oder pers\u00f6nlich bekannt gegeben!<\/p>\n<h3>Junge Erwachsene<\/h3>\n<ul>\n<li>Salzburg-Christuskirche, Fisherman\u2019s Mittwochs, 19.00 Uhr<br \/>\n<del>18.03<\/del>., 22.04., 20.05., 17.06.<\/li>\n<li>Big5-Stammtisch: <del>12.03.<\/del>, 21.04., 13.05.2020, jeweils 19:00 Uhr (Lokalwechsel)<\/li>\n<li>Big5-Brunch: Sa, 06. Juni 2020, 10:00-13:00 Uhr Hellbrunner Wiese\/Sbg.<\/li>\n<li>INFOS zu allen Big5-Veranstaltungen bei Susanne Zippenfenig<\/li>\n<li>We own the night 6.0<br \/>\nBig5-Jugendosternacht Samstag, 11. April 2020 19:00 Uhr bis Sonntag, 12. April 2020 08:00 Uhr Salzburg-Matth\u00e4uskirche Martin-Luther-Platz 1, 5020 Sbg.<br \/>\n(gut erreichbar mit Bus und S-Bahn!)<\/li>\n<\/ul>\n<p>&nbsp;<\/p>\n","protected":false},"excerpt":{"rendered":"<div class=\"mh-excerpt\"><p>[2020-03-11] Konfirmations-Zeit (freitags, 15.00 \u2013 17.30): 20.03., 24.04., 15.05., 29.05. Elternabend: Dienstag, 28.04., 19.30 Uhr Freizeit in der Schwaigm\u00fchle Gro\u00dfgmain 8.-10.05.2020 Abschlussgottesdienst: Sonntag, 17.05., 09.30 Uhr Einladung zur n\u00e4chsten Konfirmations-Zeit Ende Mai werden alle evangelischen <a class=\"mh-excerpt-more\" href=\"https:\/\/hallein-evangelisch.at\/wp\/?p=7165\" title=\"Angebote f\u00fcr Konfis und Jugendliche\">[&#8230;]<\/a><\/p>\n<\/div>","protected":false},"author":8,"featured_media":7249,"comment_status":"closed","ping_status":"closed","sticky":false,"template":"","format":"standard","meta":{"footnotes":""},"categories":[5,97],"tags":[],"class_list":{"0":"post-7165","1":"post","2":"type-post","3":"status-publish","4":"format-standard","5":"has-post-thumbnail","7":"category-kinder_jugend","8":"category-konfirmationszeit"},"_links":{"self":[{"href":"https:\/\/hallein-evangelisch.at\/wp\/index.php?rest_route=\/wp\/v2\/posts\/7165","targetHints":{"allow":["GET"]}}],"collection":[{"href":"https:\/\/hallein-evangelisch.at\/wp\/index.php?rest_route=\/wp\/v2\/posts"}],"about":[{"href":"https:\/\/hallein-evangelisch.at\/wp\/index.php?rest_route=\/wp\/v2\/types\/post"}],"author":[{"embeddable":true,"href":"https:\/\/hallein-evangelisch.at\/wp\/index.php?rest_route=\/wp\/v2\/users\/8"}],"replies":[{"embeddable":true,"href":"https:\/\/hallein-evangelisch.at\/wp\/index.php?rest_route=%2Fwp%2Fv2%2Fcomments&post=7165"}],"version-history":[{"count":6,"href":"https:\/\/hallein-evangelisch.at\/wp\/index.php?rest_route=\/wp\/v2\/posts\/7165\/revisions"}],"predecessor-version":[{"id":11924,"href":"https:\/\/hallein-evangelisch.at\/wp\/index.php?rest_route=\/wp\/v2\/posts\/7165\/revisions\/11924"}],"wp:featuredmedia":[{"embeddable":true,"href":"https:\/\/hallein-evangelisch.at\/wp\/index.php?rest_route=\/wp\/v2\/media\/7249"}],"wp:attachment":[{"href":"https:\/\/hallein-evangelisch.at\/wp\/index.php?rest_route=%2Fwp%2Fv2%2Fmedia&parent=7165"}],"wp:term":[{"taxonomy":"category","embeddable":true,"href":"https:\/\/hallein-evangelisch.at\/wp\/index.php?rest_route=%2Fwp%2Fv2%2Fcategories&post=7165"},{"taxonomy":"post_tag","embeddable":true,"href":"https:\/\/hallein-evangelisch.at\/wp\/index.php?rest_route=%2Fwp%2Fv2%2Ftags&post=7165"}],"curies":[{"name":"wp","href":"https:\/\/api.w.org\/{rel}","templated":true}]}}