{"id":7168,"date":"2020-03-06T14:53:50","date_gmt":"2020-03-06T13:53:50","guid":{"rendered":"http:\/\/hallein-evangelisch.at\/wp\/?p=7168"},"modified":"2020-03-02T14:55:36","modified_gmt":"2020-03-02T13:55:36","slug":"mab-2-meets-trainee","status":"publish","type":"post","link":"https:\/\/hallein-evangelisch.at\/wp\/?p=7168","title":{"rendered":"MAB 2 meets Trainee"},"content":{"rendered":"<p>[2020-03-06]<\/p>\n<figure id=\"attachment_7170\" aria-describedby=\"caption-attachment-7170\" style=\"width: 600px\" class=\"wp-caption aligncenter\"><img loading=\"lazy\" decoding=\"async\" class=\"wp-image-7170 size-medium\" src=\"http:\/\/hallein-evangelisch.at\/wp\/wp-content\/uploads\/2020\/03\/mab-600x396.jpg\" alt=\"\" width=\"600\" height=\"396\" srcset=\"https:\/\/hallein-evangelisch.at\/wp\/wp-content\/uploads\/2020\/03\/mab-600x396.jpg 600w, https:\/\/hallein-evangelisch.at\/wp\/wp-content\/uploads\/2020\/03\/mab.jpg 669w\" sizes=\"auto, (max-width: 600px) 100vw, 600px\" \/><figcaption id=\"caption-attachment-7170\" class=\"wp-caption-text\">Foto: Francesca Christ<\/figcaption><\/figure>\n<p>Was den Jugendlichen unserer Di\u00f6zese das MABP ist, ist den Hamburgern\u00a0das Trainee \u2013 MitArbeitendenBildung (MAB). Wenn sich zwei oder drei zusammen tun, eine strategische Partnerschaft bilden, findet die EU das gut\u00a0und f\u00f6rderungsw\u00fcrdig.<\/p>\n<p>Im Rahmen eines solchen EU-Projektes verbrachten\u00a015 Jugendliche (davon 5 aus Hallein!), 3 Teamer, 2 Peers und 1 K\u00fcchenfee vom 30.10.-03.11. ereignisreiche Tage in Stoetze. Stoetze? Wo zum *** liegt Stoetze? Im Nirvana der L\u00fcneburger Heide. Da gibt es nicht viel au\u00dfer Gegend.<\/p>\n<p>ABER<br \/>\nes gibt ein wundersch\u00f6nes Haus, das dem CVJM geh\u00f6rt. In eben diesem Haus spielten, \u00fcbten, sangen, lachten insgesamt 21 Jugendliche aus 3 Organisationen (CVJM Oberalster, Evang. Kirchengemeinde Bozen, ejst). Kulturelle Unterschiede waren rasch \u00fcberwunden, das Gemeinsame r\u00fcckte in den Mittelpunkt.<\/p>\n<p>Es war wundersch\u00f6n zu beobachten, wie diese jungen Menschen aneinander, \u00a0voneinander und miteinander lernten. Wie Austausch stattfand \u2013 \u00fcber MitarbeiterIn-Dasein, \u00fcber Singgewohnheiten, aber auch \u00fcber UNO-Spielregeln. Sprachliche Barrieren zwischen D, A und I? Sorgten bestenfalls f\u00fcr den einen oder anderen Lacher.<\/p>\n<p>Unter den Verantwortlichen, ReferentInnen und Teamern fand reger Austausch statt. Auch hier \u2013 voneinander lernen, \u00fcber Unterschiede staunen, sich \u00fcber Gemeinsamkeiten freuen. Wunderbar. Gesegnet.<\/p>\n","protected":false},"excerpt":{"rendered":"<div class=\"mh-excerpt\"><p>[2020-03-06] Was den Jugendlichen unserer Di\u00f6zese das MABP ist, ist den Hamburgern\u00a0das Trainee \u2013 MitArbeitendenBildung (MAB). Wenn sich zwei oder drei zusammen tun, eine strategische Partnerschaft bilden, findet die EU das gut\u00a0und f\u00f6rderungsw\u00fcrdig. Im Rahmen <a class=\"mh-excerpt-more\" href=\"https:\/\/hallein-evangelisch.at\/wp\/?p=7168\" title=\"MAB 2 meets Trainee\">[&#8230;]<\/a><\/p>\n<\/div>","protected":false},"author":8,"featured_media":7170,"comment_status":"closed","ping_status":"closed","sticky":false,"template":"","format":"standard","meta":{"footnotes":""},"categories":[5],"tags":[],"class_list":{"0":"post-7168","1":"post","2":"type-post","3":"status-publish","4":"format-standard","5":"has-post-thumbnail","7":"category-kinder_jugend"},"_links":{"self":[{"href":"https:\/\/hallein-evangelisch.at\/wp\/index.php?rest_route=\/wp\/v2\/posts\/7168","targetHints":{"allow":["GET"]}}],"collection":[{"href":"https:\/\/hallein-evangelisch.at\/wp\/index.php?rest_route=\/wp\/v2\/posts"}],"about":[{"href":"https:\/\/hallein-evangelisch.at\/wp\/index.php?rest_route=\/wp\/v2\/types\/post"}],"author":[{"embeddable":true,"href":"https:\/\/hallein-evangelisch.at\/wp\/index.php?rest_route=\/wp\/v2\/users\/8"}],"replies":[{"embeddable":true,"href":"https:\/\/hallein-evangelisch.at\/wp\/index.php?rest_route=%2Fwp%2Fv2%2Fcomments&post=7168"}],"version-history":[{"count":2,"href":"https:\/\/hallein-evangelisch.at\/wp\/index.php?rest_route=\/wp\/v2\/posts\/7168\/revisions"}],"predecessor-version":[{"id":7171,"href":"https:\/\/hallein-evangelisch.at\/wp\/index.php?rest_route=\/wp\/v2\/posts\/7168\/revisions\/7171"}],"wp:featuredmedia":[{"embeddable":true,"href":"https:\/\/hallein-evangelisch.at\/wp\/index.php?rest_route=\/wp\/v2\/media\/7170"}],"wp:attachment":[{"href":"https:\/\/hallein-evangelisch.at\/wp\/index.php?rest_route=%2Fwp%2Fv2%2Fmedia&parent=7168"}],"wp:term":[{"taxonomy":"category","embeddable":true,"href":"https:\/\/hallein-evangelisch.at\/wp\/index.php?rest_route=%2Fwp%2Fv2%2Fcategories&post=7168"},{"taxonomy":"post_tag","embeddable":true,"href":"https:\/\/hallein-evangelisch.at\/wp\/index.php?rest_route=%2Fwp%2Fv2%2Ftags&post=7168"}],"curies":[{"name":"wp","href":"https:\/\/api.w.org\/{rel}","templated":true}]}}