{"id":7288,"date":"2020-03-16T13:18:01","date_gmt":"2020-03-16T12:18:01","guid":{"rendered":"http:\/\/hallein-evangelisch.at\/wp\/?p=7288"},"modified":"2020-09-11T16:26:58","modified_gmt":"2020-09-11T14:26:58","slug":"unterwegs-in-kloesterreich","status":"publish","type":"post","link":"https:\/\/hallein-evangelisch.at\/wp\/?p=7288","title":{"rendered":"Unterwegs in Kl\u00f6sterreich"},"content":{"rendered":"<p>[16.03.2020]<\/p>\n<p><em>In diesen beunruhigenden Zeiten, in denen unser Leben so massiv eingeschr\u00e4nkt wird, sich t\u00e4glich etwas \u00e4ndert und sicher auch die Angst vor einer Ansteckung mit dem Corona-Virus, m\u00f6chte ich euch\u00a0\u2013 in der starken Hoffnung, dass auch wieder andere Zeiten kommen! \u2013 etwas Erfreuliches zukommen lassen,\u00a0n\u00e4mlich die Einladung zur n\u00e4chsten Bildungsreise<u>,<\/u> die f\u00fcr die Zeit vom 4.-6. September 2020 geplant ist!<\/em><\/p>\n<p><em>Ich bitte euch um R\u00fcckmeldungen, wer dabei sein kann und m\u00f6chte, ob Einzel- oder Doppelzimmer \u2013 nicht nur f\u00fcr Ehepaare, sondern auch f\u00fcr befreundete Menschen.<\/em><\/p>\n<p><em>Ich w\u00fcnsche euch viel Kraft und Gottvertrauen in diesen Tagen und bin mir sicher, dass Gott uns mit seinem Segen begleitet und\u00a0gr\u00fc\u00dfe euch mit der Losung des heutigen Tages aus Psalm 57,3: \u201eIch rufe zu Gott, dem Allerh\u00f6chsten, zu Gott, der meine Sache zum guten f\u00fchrt.\u201c<\/em><\/p>\n<p><em>Alles Liebe,<\/em><br \/>\n<em>Peter Gabriel, Pfarrer<\/em><\/p>\n<h3>Bildungsreise \u201eUnterwegs in Kl\u00f6sterreich\u201c &#8211;\u00a04.-6. September 2020<\/h3>\n<p>Nachstehend der vorl\u00e4ufige Programmablauf \u2013 mit allem, was bis jetzt feststeht! Schwerpunkt unserer Reise sind die Augustiner-Chorherren- und Benediktiner-Stifte in Nieder\u00f6sterreich (<span lang=\"DE\">Stift St. Florian, Herzogenburg, Melk, G\u00f6ttweig und Klosterneuburg<\/span>). Mit Kl\u00f6stern und dem M\u00f6nchtum begegnen wir einer ganz zentralen Auspr\u00e4gungsform christlichen Glaubens.<\/p>\n<figure id=\"attachment_7293\" aria-describedby=\"caption-attachment-7293\" style=\"width: 600px\" class=\"wp-caption alignnone\"><img loading=\"lazy\" decoding=\"async\" class=\"wp-image-7293 size-medium\" src=\"http:\/\/hallein-evangelisch.at\/wp\/wp-content\/uploads\/2020\/03\/melk-415077_1280-600x400.jpg\" alt=\"\" width=\"600\" height=\"400\" srcset=\"https:\/\/hallein-evangelisch.at\/wp\/wp-content\/uploads\/2020\/03\/melk-415077_1280-600x400.jpg 600w, https:\/\/hallein-evangelisch.at\/wp\/wp-content\/uploads\/2020\/03\/melk-415077_1280-1024x682.jpg 1024w, https:\/\/hallein-evangelisch.at\/wp\/wp-content\/uploads\/2020\/03\/melk-415077_1280.jpg 1280w\" sizes=\"auto, (max-width: 600px) 100vw, 600px\" \/><figcaption id=\"caption-attachment-7293\" class=\"wp-caption-text\">Stift Melk<\/figcaption><\/figure>\n<figure id=\"attachment_7292\" aria-describedby=\"caption-attachment-7292\" style=\"width: 600px\" class=\"wp-caption alignleft\"><img loading=\"lazy\" decoding=\"async\" class=\"wp-image-7292 size-medium\" src=\"http:\/\/hallein-evangelisch.at\/wp\/wp-content\/uploads\/2020\/03\/collegiate-church-560325_1280-600x398.jpg\" alt=\"\" width=\"600\" height=\"398\" srcset=\"https:\/\/hallein-evangelisch.at\/wp\/wp-content\/uploads\/2020\/03\/collegiate-church-560325_1280-600x398.jpg 600w, https:\/\/hallein-evangelisch.at\/wp\/wp-content\/uploads\/2020\/03\/collegiate-church-560325_1280-1024x680.jpg 1024w, https:\/\/hallein-evangelisch.at\/wp\/wp-content\/uploads\/2020\/03\/collegiate-church-560325_1280.jpg 1280w\" sizes=\"auto, (max-width: 600px) 100vw, 600px\" \/><figcaption id=\"caption-attachment-7292\" class=\"wp-caption-text\">Stift St. Florian<\/figcaption><\/figure>\n<figure id=\"attachment_7291\" aria-describedby=\"caption-attachment-7291\" style=\"width: 600px\" class=\"wp-caption alignnone\"><img loading=\"lazy\" decoding=\"async\" class=\"wp-image-7291 size-medium\" src=\"http:\/\/hallein-evangelisch.at\/wp\/wp-content\/uploads\/2020\/03\/gottweig-abbey-940080_1280-600x338.jpg\" alt=\"\" width=\"600\" height=\"338\" srcset=\"https:\/\/hallein-evangelisch.at\/wp\/wp-content\/uploads\/2020\/03\/gottweig-abbey-940080_1280-600x338.jpg 600w, https:\/\/hallein-evangelisch.at\/wp\/wp-content\/uploads\/2020\/03\/gottweig-abbey-940080_1280-1024x576.jpg 1024w, https:\/\/hallein-evangelisch.at\/wp\/wp-content\/uploads\/2020\/03\/gottweig-abbey-940080_1280-678x381.jpg 678w, https:\/\/hallein-evangelisch.at\/wp\/wp-content\/uploads\/2020\/03\/gottweig-abbey-940080_1280.jpg 1280w\" sizes=\"auto, (max-width: 600px) 100vw, 600px\" \/><figcaption id=\"caption-attachment-7291\" class=\"wp-caption-text\">Stift G\u00f6ttweig<\/figcaption><\/figure>\n<p>Wir sind f\u00fcr zwei N\u00e4chte untergebracht im Bildungshaus St. Hippolyt in St. P\u00f6lten. Dort habe ich15 Doppelzimmer und 17 Einzelzimmer gebucht.\u00a0\u00dcberlegt bitte, wer bereit w\u00e4re, mit jemand anderem ein Zimmer zu teilen.<\/p>\n<p>Im Reisepreis enthalten sind die Busfahrt &#8211; wieder mit der Firma Schwab aus Gr\u00f6dig und Hermann &#8211; \u00a0\u00dcbernachtung mit Fr\u00fchst\u00fcck sowie Abendessen im Bildungshaus, alle F\u00fchrungskosten und Eintritte sowie die Schiffsfahrts auf der Donau durch die Wachau. Um die Verpflegung zu Mittag muss sich jede*r selber k\u00fcmmern!<\/p>\n<p>Der Preis pro Person betr\u00e4gt \u20ac 250,00!<br \/>\nIch bitte um baldige R\u00fcckmeldung, wer mitfahren kann\/m\u00f6chte, damit ich f\u00fcr evtl. freie Pl\u00e4tze weitere Personen suchen kann!<\/p>\n<p>Weiters bitte ich darum, bis sp\u00e4testens zum 1. Mai \u20ac 100,- als Anzahlung auf das<br \/>\nKonto Peter Gabriel bei der Salzburger Sparkasse (BIC: SBGSAT2S)<br \/>\nIBAN: AT082040401100710129<br \/>\nzu \u00fcberweisen und den Restbetrag (\u20ac 150,00) dann bis zum 1. August.<br \/>\nM\u00f6glich ist es nat\u00fcrlich auch, gleich den gesamten Betrag zu \u00fcberweisen.<\/p>\n<h3>Programmablauf<\/h3>\n<h4>Freitag, 4. September<\/h4>\n<ul>\n<li>Abfahrt: 06.30 Uhr am Evang. Pfarrhaus Hallein (Davisstr. 38; Parkpl\u00e4tze vorhanden)<\/li>\n<li>Fahrt mit Reisebus der Firma Schwab (www.schwab-reisen.at ; 06246\/72492-0) von Hallein mit Fr\u00fchst\u00fcckspause Raststation Lindach nach St. Florian (ca. 142 km, 2,5 Std.)<\/li>\n<li>09.30 Uhr: Stiftsf\u00fchrung (1 Std., Bibliothek, Marmorsaal, Altdorfer Altar, Stiftskirche, Gruft, https:\/\/www.stift-st-florian.at )<\/li>\n<li>10.45 Uhr: Orgelkonzert Brucknerorgel (25 Min.)<\/li>\n<li>11.15 Uhr: freie Zeit im Stiftsgel\u00e4nde<\/li>\n<li>12.15 Uhr: Abfahrt zur Mittagspause in der Raststation Haag (ca. 20 km)<\/li>\n<li>13.30 Uhr: Fahrt zum Stift Herzogenburg (ca. 100 km, ca. 1,5 Std.), gr. Stiftsparkplatz NORD, Abfahrt Herzogenburg-Nord<\/li>\n<li>15.00 Uhr: Stiftsf\u00fchrung (1,25 Std., https:\/\/www.stift-herzogenburg.at ), anschl. freie Zeit<\/li>\n<li>17.00 Uhr: Fahrt nach St. P\u00f6lten (ca. 12 km) zum Bildungshaus St. Hippolyt (Eybnerstr. 5, 02742\/352104, www.hiphaus.at )<\/li>\n<li>18.00 Uhr: Abendessen im Bildungshaus<\/li>\n<\/ul>\n<h4>Samstag, 5. September<\/h4>\n<ul>\n<li>ab 07.00 Uhr: Fr\u00fchst\u00fcck<\/li>\n<li>07.45 Uhr: Fahrt nach Melk (ca. 26 km, \u00bd Std.), gr. Stiftsparkplatz, Stiftsstr.1 (5 min zu Fu\u00df)<\/li>\n<li>08.45 Uhr: F\u00fchrung im Stift Melk (1 Std., Museumsr\u00e4ume, Marmorsaal, Altane, Stifts-bibliothek \u2013 Fotografierverbot im Innenbereich!; https:\/\/www.stiftmelk.at ), Start: Brunnen im 2. Innenhof<\/li>\n<li>09.45 Uhr: freie Zeit f\u00fcr die Stiftskirche, Nordbastei, Stiftspark und Mittagspause<\/li>\n<li>13.15 Uhr: Abfahrt am Stift zur Anlegestelle, Donaustation 10, Pionierstr. (Einstieg ab 13.20 Uhr)<\/li>\n<li>13.45 Uhr: Schifffahrt durch die Wachau (Brandner, www.brandner.at ) \u2013 Bus f\u00e4hrt parallel nach Krems zur Anlegestelle, Donaustation 24,<\/li>\n<li>15.25 Uhr: Ankunft in Krems und Weiterfahrt mit dem Bus nach G\u00f6ttweig (10 km)<\/li>\n<li>16.00 Uhr: F\u00fchrung im Stift G\u00f6ttweig (1 Std., Kaisertrakt; https:\/\/www.stiftgoettweig.at), Treffpunkt Museum im Kaisertrakt im Stiftshof; anschlie\u00dfend Zeit f\u00fcr die Stiftskirche<\/li>\n<li>17.30 Uhr: R\u00fcckfahrt nach St. P\u00f6lten (ca. 18 km)<\/li>\n<li>18.00 Uhr: Abendessen im Bildungshaus<\/li>\n<li>19.15 Uhr: evtl. Abendandacht in der Kapelle des Bildungshauses<\/li>\n<\/ul>\n<h4>Sonntag, 6. September<\/h4>\n<ul>\n<li>ab 07.30 Uhr: Fr\u00fchst\u00fcck<\/li>\n<li>08.45 Uhr: evtl. Morgenandacht in der Kapelle des Bildungshauses (30 Min.)<\/li>\n<li>09.30 Uhr: Fahrt nach Klosterneuburg (ca. 72 km, 2 Std.)<\/li>\n<li>11.30 F\u00fchrung im Stift Klosterneuburg (1,5 Std., Stiftskirche, Verduner Altar, Kaiserzimmer, Marmorsaal; https:\/\/www.stift-klosterneuburg.at)<\/li>\n<li>13.00 Uhr: freie Zeit und Mittagspause<\/li>\n<li>ca. 14.00 Uhr: R\u00fcckfahrt \u00fcber Tulln, Krems und Wachau, Kaffeepause in Wei\u00dfenkirchen oder Spitz (ca. 322 km, ca. 5 Std.) (oder \u00fcber Westautobahn)<\/li>\n<li>ca. 20.00 Uhr: Ankunft in Hallein<\/li>\n<\/ul>\n","protected":false},"excerpt":{"rendered":"<div class=\"mh-excerpt\"><p>[16.03.2020] In diesen beunruhigenden Zeiten, in denen unser Leben so massiv eingeschr\u00e4nkt wird, sich t\u00e4glich etwas \u00e4ndert und sicher auch die Angst vor einer Ansteckung mit dem Corona-Virus, m\u00f6chte ich euch\u00a0\u2013 in der starken Hoffnung, <a class=\"mh-excerpt-more\" href=\"https:\/\/hallein-evangelisch.at\/wp\/?p=7288\" title=\"Unterwegs in Kl\u00f6sterreich\">[&#8230;]<\/a><\/p>\n<\/div>","protected":false},"author":8,"featured_media":7294,"comment_status":"closed","ping_status":"closed","sticky":false,"template":"","format":"standard","meta":{"footnotes":""},"categories":[1],"tags":[],"class_list":{"0":"post-7288","1":"post","2":"type-post","3":"status-publish","4":"format-standard","5":"has-post-thumbnail","7":"category-allgemein"},"_links":{"self":[{"href":"https:\/\/hallein-evangelisch.at\/wp\/index.php?rest_route=\/wp\/v2\/posts\/7288","targetHints":{"allow":["GET"]}}],"collection":[{"href":"https:\/\/hallein-evangelisch.at\/wp\/index.php?rest_route=\/wp\/v2\/posts"}],"about":[{"href":"https:\/\/hallein-evangelisch.at\/wp\/index.php?rest_route=\/wp\/v2\/types\/post"}],"author":[{"embeddable":true,"href":"https:\/\/hallein-evangelisch.at\/wp\/index.php?rest_route=\/wp\/v2\/users\/8"}],"replies":[{"embeddable":true,"href":"https:\/\/hallein-evangelisch.at\/wp\/index.php?rest_route=%2Fwp%2Fv2%2Fcomments&post=7288"}],"version-history":[{"count":4,"href":"https:\/\/hallein-evangelisch.at\/wp\/index.php?rest_route=\/wp\/v2\/posts\/7288\/revisions"}],"predecessor-version":[{"id":8001,"href":"https:\/\/hallein-evangelisch.at\/wp\/index.php?rest_route=\/wp\/v2\/posts\/7288\/revisions\/8001"}],"wp:featuredmedia":[{"embeddable":true,"href":"https:\/\/hallein-evangelisch.at\/wp\/index.php?rest_route=\/wp\/v2\/media\/7294"}],"wp:attachment":[{"href":"https:\/\/hallein-evangelisch.at\/wp\/index.php?rest_route=%2Fwp%2Fv2%2Fmedia&parent=7288"}],"wp:term":[{"taxonomy":"category","embeddable":true,"href":"https:\/\/hallein-evangelisch.at\/wp\/index.php?rest_route=%2Fwp%2Fv2%2Fcategories&post=7288"},{"taxonomy":"post_tag","embeddable":true,"href":"https:\/\/hallein-evangelisch.at\/wp\/index.php?rest_route=%2Fwp%2Fv2%2Ftags&post=7288"}],"curies":[{"name":"wp","href":"https:\/\/api.w.org\/{rel}","templated":true}]}}