{"id":7853,"date":"2020-09-15T00:00:20","date_gmt":"2020-09-14T22:00:20","guid":{"rendered":"https:\/\/hallein-evangelisch.at\/wp\/?p=7853"},"modified":"2020-09-11T16:16:03","modified_gmt":"2020-09-11T14:16:03","slug":"fuerchte-dich-nicht-2","status":"publish","type":"post","link":"https:\/\/hallein-evangelisch.at\/wp\/?p=7853","title":{"rendered":"F\u00fcrchte dich nicht"},"content":{"rendered":"<div class=\"page\" title=\"Page 2\">\n<div class=\"layoutArea\">\n<div class=\"column\">\n<p>[15.09.2020]<\/p>\n<p><strong>\u00bbF\u00fcrchte dich nicht, denn ich bin mit dir und will dich segnen und deine Nachkommen mehren um meines Knechtes Abraham willen.\u00ab<\/strong> (1. Mose 26,24)<\/p>\n<p><img loading=\"lazy\" decoding=\"async\" class=\"alignleft wp-image-7083\" src=\"https:\/\/hallein-evangelisch.at\/wp\/wp-content\/uploads\/2020\/02\/mueller_vikar.jpg\" alt=\"\" width=\"300\" height=\"388\" \/>Diese Worte spricht Gott Isaak zu, als Isaak sich gerade mit den Philistern um die Brunnen zankt,\u00a0die f\u00fcr sein Vieh \u00fcberlebenswichtig sind. Isaak steht gewisserma\u00dfen vor einer gro\u00dfen wirtschaftlichen Herausforderung. Kann er und seine Sippe \u00fcberleben? Wie geht es weiter? Und in dieser Phase der Unsicherheit und der Angst kommt Gott zu Isaak und gibt ihm Hoffnung, indem er sagt: \u00bbHab\u00a0keine Angst, ich segne dich und deine Nachkommen, ich bin bei dir.\u00ab<\/p>\n<p>In letzter Zeit f\u00e4llt mir immer wieder auf, dass ich gerne Isaaks Gewissheit h\u00e4tte, dass Gott an meiner und an unserer Seite steht, dass er uns segnet und bewahrt. Dieses \u00bbGottvertrauen\u00ab wird momentan auf die Probe gestellt. Angst macht sich breit. Einerseits bef\u00e4higt uns diese Furcht vor einer \u00bbzweiten Welle\u00ab dazu, dass wir die Corona-Ma\u00dfnahmen ernst nehmen, andererseits l\u00e4hmt\u00a0sie uns und l\u00e4sst unser Vertrauen in eine \u00bbbessere Zukunft\u00ab im schlimmsten Falle schwinden. Auch der Bibel ist dieser Zwiespalt des Menschen bekannt, denn ganze 73 Mal wiederholt sich Gott im Alten und Neuen Testament und spricht: \u00bbF\u00fcrchte dich nicht!\u00ab \u00bbIch bin bei euch alle Tage bis an der Welt Ende\u00ab (Matth\u00e4us 28,20). Erinnern wir uns daran, dass wir nicht alleine sind. Sprechen wir uns gegenseitig den Segen Gottes zu und durchbrechen die l\u00e4hmende Angst, ohne in Fahrl\u00e4ssigkeit abzugleiten.<\/p>\n<p>Uns als Gemeindeverantwortlichen ist es daher ein besonderes Anliegen, hoffnungs- und vertrauensvoll in die kommenden Tage und Wochen zu gehen. Wir feierten erstmals eine Konfirmation im Herbst und konnten dieses Fest trotz gesundheitlicher Vorkehrungsma\u00dfnahmen in einer sch\u00f6nen Atmosph\u00e4re feiern. Auch die Ankunft des zweiten und vor allem neuen Halleiner Pfarrers, Jens-Daniel Mauer, ist erfolgt. Diese Ereignisse lassen Hoffnung versp\u00fcren, denn sie gr\u00fcnden sich letztlich in unserem Grundstein Jesus Christus.<\/p>\n<p>Neben diesen hoffnungsvollen Schritten wollen wir in Gebeten aber auch an diejenigen denken, die gerade in eine neue Phase ihres Lebens eintauchen.<\/p>\n<p>Wir denken an unsere Sch\u00fclerinnen und Sch\u00fcler, die im Herbst in ein neues Schuljahr gestartet sind \u2013 wom\u00f6glich auch in einer neuen Schule. Wir denken an die Menschen, f\u00fcr die gerade die \u00bbKurzarbeit\u00ab endet. Wir denken an die Arbeitslosen und an die Selbstst\u00e4ndigen. Wir denken an das medizinische Personal und an die Menschen, die die Sicherheit im Lande aufrechterhalten. Wir denken an die Menschen, die vor dem Schritt stehen, in ein Seniorenhaus einziehen. Euch allen sprechen wir Gottes Verhei\u00dfung zu: Ihr seid nie allein, Gott ist bei euch und segnet eure Wege, auf die ihr euch begebt. Gott wird euch nicht den Geist der Furcht, sondern der Kraft und der Liebe und der Besonnenheit geben (2. Timotheus 1,7).<\/p>\n<p>In diesem Sinne sehe ich mit Zuversicht und Gottvertrauen den n\u00e4chsten Tagen und Wochen entgegen, denn wir wissen und haben es schon erfahren, dass Gott uns beh\u00fctet und freundlich zu uns ist, gerade in schwierigen Zeiten. Seid gesegnet und bleibt beh\u00fctet und best\u00e4ndig in der Gemeinschaft des Heiligen Geistes.<\/p>\n<p><em>Euer Vikar Thomas M\u00fcller<\/em><\/p>\n<\/div>\n<\/div>\n<\/div>\n","protected":false},"excerpt":{"rendered":"<div class=\"mh-excerpt\"><p>[15.09.2020] \u00bbF\u00fcrchte dich nicht, denn ich bin mit dir und will dich segnen und deine Nachkommen mehren um meines Knechtes Abraham willen.\u00ab (1. Mose 26,24) Diese Worte spricht Gott Isaak zu, als Isaak sich gerade <a class=\"mh-excerpt-more\" href=\"https:\/\/hallein-evangelisch.at\/wp\/?p=7853\" title=\"F\u00fcrchte dich nicht\">[&#8230;]<\/a><\/p>\n<\/div>","protected":false},"author":8,"featured_media":7083,"comment_status":"closed","ping_status":"closed","sticky":false,"template":"","format":"standard","meta":{"footnotes":""},"categories":[4],"tags":[],"class_list":{"0":"post-7853","1":"post","2":"type-post","3":"status-publish","4":"format-standard","5":"has-post-thumbnail","7":"category-gedanken"},"_links":{"self":[{"href":"https:\/\/hallein-evangelisch.at\/wp\/index.php?rest_route=\/wp\/v2\/posts\/7853","targetHints":{"allow":["GET"]}}],"collection":[{"href":"https:\/\/hallein-evangelisch.at\/wp\/index.php?rest_route=\/wp\/v2\/posts"}],"about":[{"href":"https:\/\/hallein-evangelisch.at\/wp\/index.php?rest_route=\/wp\/v2\/types\/post"}],"author":[{"embeddable":true,"href":"https:\/\/hallein-evangelisch.at\/wp\/index.php?rest_route=\/wp\/v2\/users\/8"}],"replies":[{"embeddable":true,"href":"https:\/\/hallein-evangelisch.at\/wp\/index.php?rest_route=%2Fwp%2Fv2%2Fcomments&post=7853"}],"version-history":[{"count":3,"href":"https:\/\/hallein-evangelisch.at\/wp\/index.php?rest_route=\/wp\/v2\/posts\/7853\/revisions"}],"predecessor-version":[{"id":7985,"href":"https:\/\/hallein-evangelisch.at\/wp\/index.php?rest_route=\/wp\/v2\/posts\/7853\/revisions\/7985"}],"wp:featuredmedia":[{"embeddable":true,"href":"https:\/\/hallein-evangelisch.at\/wp\/index.php?rest_route=\/wp\/v2\/media\/7083"}],"wp:attachment":[{"href":"https:\/\/hallein-evangelisch.at\/wp\/index.php?rest_route=%2Fwp%2Fv2%2Fmedia&parent=7853"}],"wp:term":[{"taxonomy":"category","embeddable":true,"href":"https:\/\/hallein-evangelisch.at\/wp\/index.php?rest_route=%2Fwp%2Fv2%2Fcategories&post=7853"},{"taxonomy":"post_tag","embeddable":true,"href":"https:\/\/hallein-evangelisch.at\/wp\/index.php?rest_route=%2Fwp%2Fv2%2Ftags&post=7853"}],"curies":[{"name":"wp","href":"https:\/\/api.w.org\/{rel}","templated":true}]}}