{"id":7941,"date":"2020-02-27T23:29:41","date_gmt":"2020-02-27T22:29:41","guid":{"rendered":"https:\/\/hallein-evangelisch.at\/wp\/?p=7941"},"modified":"2025-09-21T09:44:24","modified_gmt":"2025-09-21T07:44:24","slug":"pfarrer-jens-daniel-mauer-2","status":"publish","type":"post","link":"https:\/\/hallein-evangelisch.at\/wp\/?p=7941","title":{"rendered":"Pfarrer Jens-Daniel Mauer"},"content":{"rendered":"<p style=\"text-align: left;\"><img loading=\"lazy\" decoding=\"async\" class=\"wp-image-7943 alignright\" src=\"https:\/\/hallein-evangelisch.at\/wp\/wp-content\/uploads\/2020\/09\/daniel_mauer-400x600.jpg\" alt=\"\" width=\"300\" height=\"450\" \/>[2020-09-10]<\/p>\n<p style=\"text-align: left;\">Pfarrer Jens-Daniel Mauer<br \/>\n5400 Hallein, Davisstra\u00dfe 38<br \/>\n+43 6245 80628<br \/>\n+43 699 188 77 595<\/p>\n<p style=\"text-align: left;\"><a href=\"mailto:mauer@hallein-evangelisch.at\">mauer@hallein-evangelisch.at<\/a><\/p>\n<p>Seit 1. September 2020 geh\u00f6re ich mit meiner Frau Elisabeth und unseren beiden M\u00e4dels Eleni und Mila zur Halleiner Gemeinde. Als zus\u00e4tzlicher Pfarrer bringe ich meine Erfahrungen und Kompetenzen in die beiden Leitungsgremien (Presbyterium und Gemeindevertretung) und die zahlreichen Gemeindeteams ein. Ich arbeite ausgesprochen gerne kollegial und erfreue mich an dem Potential, das darin steckt. Bei meiner Bewerbung waren derartige Motive sowie die vielf\u00e4ltigen Gemeinschafts- und Gottesdienstformate leitend. Ein gr\u00f6\u00dferer Teil meines Gemeindeauftrags ist der Religionsunterricht in verschiedensten Halleiner und Tennengauer Schulen. Ich empfinde es als Vorrecht dort mitzubekommen, was \u201ein\u201c ist und dabei Verbindungen zur Kirche herzustellen.<\/p>\n<p>Mit \u201eBaujahr\u201c 1984 bin ich in der N\u00e4he des s\u00fcddeutschen Karlsruhe aufgewachsen. Als Pastoren-Kind genoss ich die Pr\u00e4gung einer Gemeinde mit attraktiver Jugendarbeit und wurde fr\u00fch vom Evangelium \u201einfiziert\u201c. Der Austausch \u00fcber und das Erproben von christlichen Traditionen haben mir eine Gottesbeziehung er\u00f6ffnet, die mein Leben seither durchdringt und erf\u00fcllt \u2013 durch H\u00f6hen und Tiefen. Mein Herz schl\u00e4gt f\u00fcr die Gestaltung von \u201eR\u00e4umen\u201c, solche Erfahrungen in einen Austausch zu bringen. Das hat mich zum Theologiestudium auf Pfarramt bewogen \u2013 in Basel, M\u00fcnchen und Heidelberg, mit Ordination im September 2017.<\/p>\n<p>Pfarrer Jens-Daniel-Mauer unterst\u00fctzt <a href=\"https:\/\/hallein-evangelisch.at\/wp\/?p=3981\">Pfarrer Dr. Peter Gabriel<\/a> in seiner Aufgabe in der Gemeinde<\/p>\n<h2>Beitr\u00e4ge in dieser Kategorie:<\/h2>\n<ul class=\"lcp_catlist\" id=\"lcp_instance_0\"><li><a href=\"https:\/\/hallein-evangelisch.at\/wp\/?p=18118\">Unser Leitbild<\/a><div class=\"lcp-customfield\">Wir verstehen uns als Teil der weltweiten Kirche Jesu Christi.<\/div><\/li><li><a href=\"https:\/\/hallein-evangelisch.at\/wp\/?p=14021\">Unsere Gemeindeleitung<\/a><div class=\"lcp-customfield\">Leitung der Pfarrgemeinde gemeinsam mit dem Presbyterium.<\/div><\/li><li><a href=\"https:\/\/hallein-evangelisch.at\/wp\/?p=16834\">Unsere neue Vikarin<\/a><\/li><li><a href=\"https:\/\/hallein-evangelisch.at\/wp\/?p=16594\">100 Jahre Evangelische Pfarrgemeinde Hallein \u2013 FESTSCHRIFT<\/a><\/li><li><a href=\"https:\/\/hallein-evangelisch.at\/wp\/?p=14273\">Neues Triangel-Kuratorinnenteam<\/a><\/li><li><a href=\"https:\/\/hallein-evangelisch.at\/wp\/?p=13783\">Abschied und Neubeginn<\/a><\/li><li><a href=\"https:\/\/hallein-evangelisch.at\/wp\/?p=13753\">Unsere Gemeindevertretung<\/a><\/li><li><a href=\"https:\/\/hallein-evangelisch.at\/wp\/?p=13744\">Wir haben gew\u00e4hlt!<\/a><\/li><li><a href=\"https:\/\/hallein-evangelisch.at\/wp\/?p=13542\">Bei uns hast auch DU die Wahl!<\/a><\/li><li><a href=\"https:\/\/hallein-evangelisch.at\/wp\/?p=13529\">W\u00e4hlen macht zufriedener<\/a><\/li><li><a href=\"https:\/\/hallein-evangelisch.at\/wp\/?p=13523\">Wer die Wahl hat \u2026<\/a><\/li><li><a href=\"https:\/\/hallein-evangelisch.at\/wp\/?p=13520\">Wahlen in der Bibel<\/a><\/li><li><a href=\"https:\/\/hallein-evangelisch.at\/wp\/?p=13508\">Sie stellen sich der Wahl<\/a><\/li><\/ul>\n","protected":false},"excerpt":{"rendered":"<div class=\"mh-excerpt\"><p>[2020-09-10] Pfarrer Jens-Daniel Mauer 5400 Hallein, Davisstra\u00dfe 38 +43 6245 80628 +43 699 188 77 595 mauer@hallein-evangelisch.at Seit 1. September 2020 geh\u00f6re ich mit meiner Frau Elisabeth und unseren beiden M\u00e4dels Eleni und Mila zur <a class=\"mh-excerpt-more\" href=\"https:\/\/hallein-evangelisch.at\/wp\/?p=7941\" title=\"Pfarrer Jens-Daniel Mauer\">[&#8230;]<\/a><\/p>\n<\/div>","protected":false},"author":8,"featured_media":7943,"comment_status":"closed","ping_status":"closed","sticky":false,"template":"","format":"standard","meta":{"footnotes":""},"categories":[88],"tags":[],"class_list":{"0":"post-7941","1":"post","2":"type-post","3":"status-publish","4":"format-standard","5":"has-post-thumbnail","7":"category-archiv"},"_links":{"self":[{"href":"https:\/\/hallein-evangelisch.at\/wp\/index.php?rest_route=\/wp\/v2\/posts\/7941","targetHints":{"allow":["GET"]}}],"collection":[{"href":"https:\/\/hallein-evangelisch.at\/wp\/index.php?rest_route=\/wp\/v2\/posts"}],"about":[{"href":"https:\/\/hallein-evangelisch.at\/wp\/index.php?rest_route=\/wp\/v2\/types\/post"}],"author":[{"embeddable":true,"href":"https:\/\/hallein-evangelisch.at\/wp\/index.php?rest_route=\/wp\/v2\/users\/8"}],"replies":[{"embeddable":true,"href":"https:\/\/hallein-evangelisch.at\/wp\/index.php?rest_route=%2Fwp%2Fv2%2Fcomments&post=7941"}],"version-history":[{"count":13,"href":"https:\/\/hallein-evangelisch.at\/wp\/index.php?rest_route=\/wp\/v2\/posts\/7941\/revisions"}],"predecessor-version":[{"id":15484,"href":"https:\/\/hallein-evangelisch.at\/wp\/index.php?rest_route=\/wp\/v2\/posts\/7941\/revisions\/15484"}],"wp:featuredmedia":[{"embeddable":true,"href":"https:\/\/hallein-evangelisch.at\/wp\/index.php?rest_route=\/wp\/v2\/media\/7943"}],"wp:attachment":[{"href":"https:\/\/hallein-evangelisch.at\/wp\/index.php?rest_route=%2Fwp%2Fv2%2Fmedia&parent=7941"}],"wp:term":[{"taxonomy":"category","embeddable":true,"href":"https:\/\/hallein-evangelisch.at\/wp\/index.php?rest_route=%2Fwp%2Fv2%2Fcategories&post=7941"},{"taxonomy":"post_tag","embeddable":true,"href":"https:\/\/hallein-evangelisch.at\/wp\/index.php?rest_route=%2Fwp%2Fv2%2Ftags&post=7941"}],"curies":[{"name":"wp","href":"https:\/\/api.w.org\/{rel}","templated":true}]}}