{"id":8276,"date":"2020-11-03T12:43:08","date_gmt":"2020-11-03T11:43:08","guid":{"rendered":"https:\/\/hallein-evangelisch.at\/wp\/?p=8276"},"modified":"2020-11-04T09:54:07","modified_gmt":"2020-11-04T08:54:07","slug":"pfarrereinfuehrung-muss-warten","status":"publish","type":"post","link":"https:\/\/hallein-evangelisch.at\/wp\/?p=8276","title":{"rendered":"Pfarrereinf\u00fchrung muss warten"},"content":{"rendered":"<p><img loading=\"lazy\" decoding=\"async\" class=\"alignleft wp-image-7943\" src=\"https:\/\/hallein-evangelisch.at\/wp\/wp-content\/uploads\/2020\/09\/daniel_mauer-e1600343769424-527x600.jpg\" alt=\"\" width=\"250\" height=\"285\" srcset=\"https:\/\/hallein-evangelisch.at\/wp\/wp-content\/uploads\/2020\/09\/daniel_mauer-e1600343769424-527x600.jpg 527w, https:\/\/hallein-evangelisch.at\/wp\/wp-content\/uploads\/2020\/09\/daniel_mauer-e1600343769424-899x1024.jpg 899w, https:\/\/hallein-evangelisch.at\/wp\/wp-content\/uploads\/2020\/09\/daniel_mauer-e1600343769424-1349x1536.jpg 1349w, https:\/\/hallein-evangelisch.at\/wp\/wp-content\/uploads\/2020\/09\/daniel_mauer-e1600343769424.jpg 1670w\" sizes=\"auto, (max-width: 250px) 100vw, 250px\" \/>[03.11.2020]<\/p>\n<p>Die gesamtgesellschaftliche Herausforderung der COVID-Infektions-Eind\u00e4mmung hat uns in einen zweiten landesweiten Lockdown gef\u00fchrt. Die Kommunikation \u00fcber die Motive und die konkreten Bestimmungen wird von uns allen mal gelungener, mal weniger gelungen wahrgenommen. Au\u00dfer Frage steht: Die weitere Entwicklung h\u00e4ngt von uns allen ab. Wir alle tragen Mitverantwortung \u2013 zur Eind\u00e4mmung, zur gegenseitigen Ermutigung, zum hoffnungsvollen Blick auf Gott. Wir sind froh, auch in den n\u00e4chsten Wochen genau daf\u00fcr angemessene R\u00e4ume gestalten zu k\u00f6nnen. Wir nehmen unseren Auftrag ernst, auch in der Zeit des Lockdowns zu sicheren Gottesdienste einzuladen. Dabei halten wir uns selbstverst\u00e4ndlich an die geltenden Bestimmungen.<\/p>\n<p>Im Blick auf den\u00a0<b>Festgottesdienst am Sonntag, dem 8.11.2020<\/b>, zur Amtseinf\u00fchrung von Pfarrer Jens-Daniel Mauer, sind wir nach gr\u00fcndlicher Abw\u00e4gung zu dem Schluss gekommen, dass eine\u00a0<b>Verschiebung<\/b>\u00a0in der aktuell hoch sensiblen Situation angemessen ist. Wir wollen der Infektions-Gefahr keinen erh\u00f6hten Anlass geben, wir wollen bei diesem Anlass niemand ausschlie\u00dfen, wir wollen niemand in Zugzw\u00e4nge bringen. Wir hoffen auf Ihr bzw. Euer Verst\u00e4ndnis. Unser alternatives Angebot ist der klassische Gottesdienst um 9:30 Uhr in der Schaitbergerkirche.<\/p>\n<p>Mit herzlichen Gr\u00fc\u00dfen und festem Gottvertrauen<\/p>\n<p>Kuratorin Bettina Pann<br \/>\nPfarrer Peter Gabriel<br \/>\nPfarrer Jens-Daniel Mauer<\/p>\n","protected":false},"excerpt":{"rendered":"<div class=\"mh-excerpt\"><p>[03.11.2020] Die gesamtgesellschaftliche Herausforderung der COVID-Infektions-Eind\u00e4mmung hat uns in einen zweiten landesweiten Lockdown gef\u00fchrt. Die Kommunikation \u00fcber die Motive und die konkreten Bestimmungen wird von uns allen mal gelungener, mal weniger gelungen wahrgenommen. Au\u00dfer Frage <a class=\"mh-excerpt-more\" href=\"https:\/\/hallein-evangelisch.at\/wp\/?p=8276\" title=\"Pfarrereinf\u00fchrung muss warten\">[&#8230;]<\/a><\/p>\n<\/div>","protected":false},"author":8,"featured_media":7943,"comment_status":"closed","ping_status":"closed","sticky":false,"template":"","format":"standard","meta":{"footnotes":""},"categories":[1],"tags":[],"class_list":{"0":"post-8276","1":"post","2":"type-post","3":"status-publish","4":"format-standard","5":"has-post-thumbnail","7":"category-allgemein"},"_links":{"self":[{"href":"https:\/\/hallein-evangelisch.at\/wp\/index.php?rest_route=\/wp\/v2\/posts\/8276","targetHints":{"allow":["GET"]}}],"collection":[{"href":"https:\/\/hallein-evangelisch.at\/wp\/index.php?rest_route=\/wp\/v2\/posts"}],"about":[{"href":"https:\/\/hallein-evangelisch.at\/wp\/index.php?rest_route=\/wp\/v2\/types\/post"}],"author":[{"embeddable":true,"href":"https:\/\/hallein-evangelisch.at\/wp\/index.php?rest_route=\/wp\/v2\/users\/8"}],"replies":[{"embeddable":true,"href":"https:\/\/hallein-evangelisch.at\/wp\/index.php?rest_route=%2Fwp%2Fv2%2Fcomments&post=8276"}],"version-history":[{"count":2,"href":"https:\/\/hallein-evangelisch.at\/wp\/index.php?rest_route=\/wp\/v2\/posts\/8276\/revisions"}],"predecessor-version":[{"id":8282,"href":"https:\/\/hallein-evangelisch.at\/wp\/index.php?rest_route=\/wp\/v2\/posts\/8276\/revisions\/8282"}],"wp:featuredmedia":[{"embeddable":true,"href":"https:\/\/hallein-evangelisch.at\/wp\/index.php?rest_route=\/wp\/v2\/media\/7943"}],"wp:attachment":[{"href":"https:\/\/hallein-evangelisch.at\/wp\/index.php?rest_route=%2Fwp%2Fv2%2Fmedia&parent=8276"}],"wp:term":[{"taxonomy":"category","embeddable":true,"href":"https:\/\/hallein-evangelisch.at\/wp\/index.php?rest_route=%2Fwp%2Fv2%2Fcategories&post=8276"},{"taxonomy":"post_tag","embeddable":true,"href":"https:\/\/hallein-evangelisch.at\/wp\/index.php?rest_route=%2Fwp%2Fv2%2Ftags&post=8276"}],"curies":[{"name":"wp","href":"https:\/\/api.w.org\/{rel}","templated":true}]}}