{"id":8309,"date":"2020-11-20T00:00:55","date_gmt":"2020-11-19T23:00:55","guid":{"rendered":"https:\/\/hallein-evangelisch.at\/wp\/?p=8309"},"modified":"2020-11-20T11:07:38","modified_gmt":"2020-11-20T10:07:38","slug":"die-kraft-der-hoffnung","status":"publish","type":"post","link":"https:\/\/hallein-evangelisch.at\/wp\/?p=8309","title":{"rendered":"Die Kraft der Hoffnung"},"content":{"rendered":"<div class=\"page\" title=\"Page 31\">\n<div class=\"layoutArea\">\n<div class=\"column\">\n<p>[20.11.2020]<\/p>\n<p>\u201c<em>Hoffnung ist das gefiederte Ding, das sich in der Seele niederl\u00e4sst und die Melodie ohne Worte singt und niemals aufh\u00f6rt &#8230;<\/em>\u201d (Emily Dickinson)<\/p>\n<div class=\"page\" title=\"Page 31\">\n<div class=\"layoutArea\">\n<div class=\"column\">\n<p>Der Begriff <strong>Hoffnung<\/strong> leitet sich vom mittelniederdeutschen \u201chopen\u201d ab und bedeutet so viel wie \u201eh\u00fcpfen, vor Erwartung unruhig springen\/ zappeln\u201c. Sie dr\u00fcckt eine positive Erwartungshaltung gegen\u00fcber der Zukunft aus. <strong>Zu hoffen<\/strong> bedeutet f\u00fcr mich, daran zu glauben, dass alles seinen Sinn hat und dass es immer M\u00f6glichkeiten gibt, dass sich das, was gerade nicht so gut f\u00fcr mich l\u00e4uft, zum Besseren wendet. Hoffnung tritt in den unterschiedlichsten Lebenssituationen in Erscheinung und begleitet uns durch unser Leben:<\/p>\n<div class=\"page\" title=\"Page 31\">\n<div class=\"layoutArea\">\n<div class=\"column\">\n<ul>\n<li>Hoffnung kann als <strong>kindliche Vorfreude<\/strong> auftreten, wenn beispielsweise in der Adventzeit die positive Erwartung auf das bevorstehende Weihnachtsfest w\u00e4chst.<\/li>\n<li>Maria war <strong>in froher Hoffnung<\/strong> &#8211; sie war schwanger und gebar ihren ersten Sohn.<\/li>\n<li>Auch wenn uns die steigende Anzahl an Menschen, die an Corona erkranken, zurzeit wieder mehr Einschr\u00e4nkungen in den sozialen Kontakten auferlegt, bleibt ein <strong>Funken Hoffnung<\/strong>, dass sich unser Leben irgendwann wieder normalisiert.<\/li>\n<li><strong>Ein silberner Hoffnungsstreif<\/strong> am sonst d\u00fcsteren Horizont wird f\u00fcr viele Menschen sichtbar, die sich in ihrer Not hilfesuchend an unsere Pfarrgemeinde wenden und die von uns Unterst\u00fctzung erhalten.<\/li>\n<li>Die <strong>Hoffnung stirbt zuletzt<\/strong> f\u00fcr die vielen Fl\u00fcchtlinge, die sich aus den unterschiedlichsten Gr\u00fcnden aus ihren Heimatl\u00e4ndern aufgemacht haben und nun auf eine rasche Entscheidung im Asylverfahren und ein besseres Leben in Europa warten.<\/li>\n<\/ul>\n<div class=\"page\" title=\"Page 32\">\n<div class=\"layoutArea\">\n<div class=\"column\">\n<p><strong><img loading=\"lazy\" decoding=\"async\" class=\"alignleft wp-image-8310\" src=\"https:\/\/hallein-evangelisch.at\/wp\/wp-content\/uploads\/2020\/11\/vogel.jpg\" alt=\"\" width=\"250\" height=\"339\" \/>Hoffnung zu haben<\/strong> ist kein permanenter Zustand, vielmehr k\u00f6nnen Angst, Zweifel und manchmal sogar Hoffnungslosigkeit diesen Zustand durchbrechen. Einander Hoffnung und Zuversicht zu geben, kann vielen Menschen helfen,<br \/>\ndie sich in einer scheinbar ausweglosen Situation befinden oder einfach eine schwere Zeit durchmachen. Deshalb ist jede*r von uns dazu aufgerufen, sich der Sorgen und N\u00f6te anderer anzunehmen \u2013 und jede*r kann in ihrer\/seiner ganz besonderen Art Hilfe anbieten.<\/p>\n<div class=\"page\" title=\"Page 32\">\n<div class=\"layoutArea\">\n<div class=\"column\">\n<p>Der Werbeslogan der Diakonie \u00d6sterreich\u00a0<strong>Hoffnung braucht ein JA\u00a0<\/strong>fasst es f\u00fcr mich sehr treffend zusammen: Jede*r von ist Hoffnungstr\u00e4ger*in f\u00fcr andere Menschen: Die Diakonie macht in ganz \u00d6sterreich auf ihre Arbeit aufmerksam und zeigt, dass in jedem von uns ein*e \u201eHoffnungstr\u00e4ger*in\u201c steckt: Sei es nun als Mitarbeitende*r, als Freiwillige*r oder als Klient*in \u2013 in allen Menschen steckt Hoffnung und alle Menschen k\u00f6nnen Hoffnung geben. Alle Menschen sind Hoffnungstr\u00e4ger*innen!<\/p>\n<p>In diesem Sinne w\u00fcnsche ich allen eine hoffnungsfrohe und gesegnete Advent- und Weihnachtszeit. Hoffnung ist nicht nur wohltuend f\u00fcr die Seele, sie verleiht uns Kraft, Mut und Durchhalteverm\u00f6gen!<\/p>\n<p><em>Edda B\u00f6hm-Ingram, Diakoniebeauftragte<\/em><\/p>\n<\/div>\n<\/div>\n<\/div>\n<\/div>\n<\/div>\n<\/div>\n<\/div>\n<\/div>\n<\/div>\n<\/div>\n<\/div>\n<\/div>\n<\/div>\n<\/div>\n<\/div>\n","protected":false},"excerpt":{"rendered":"<div class=\"mh-excerpt\"><p>[20.11.2020] \u201cHoffnung ist das gefiederte Ding, das sich in der Seele niederl\u00e4sst und die Melodie ohne Worte singt und niemals aufh\u00f6rt &#8230;\u201d (Emily Dickinson) Der Begriff Hoffnung leitet sich vom mittelniederdeutschen \u201chopen\u201d ab und bedeutet <a class=\"mh-excerpt-more\" href=\"https:\/\/hallein-evangelisch.at\/wp\/?p=8309\" title=\"Die Kraft der Hoffnung\">[&#8230;]<\/a><\/p>\n<\/div>","protected":false},"author":8,"featured_media":8310,"comment_status":"closed","ping_status":"closed","sticky":false,"template":"","format":"standard","meta":{"footnotes":""},"categories":[4],"tags":[],"class_list":{"0":"post-8309","1":"post","2":"type-post","3":"status-publish","4":"format-standard","5":"has-post-thumbnail","7":"category-gedanken"},"_links":{"self":[{"href":"https:\/\/hallein-evangelisch.at\/wp\/index.php?rest_route=\/wp\/v2\/posts\/8309","targetHints":{"allow":["GET"]}}],"collection":[{"href":"https:\/\/hallein-evangelisch.at\/wp\/index.php?rest_route=\/wp\/v2\/posts"}],"about":[{"href":"https:\/\/hallein-evangelisch.at\/wp\/index.php?rest_route=\/wp\/v2\/types\/post"}],"author":[{"embeddable":true,"href":"https:\/\/hallein-evangelisch.at\/wp\/index.php?rest_route=\/wp\/v2\/users\/8"}],"replies":[{"embeddable":true,"href":"https:\/\/hallein-evangelisch.at\/wp\/index.php?rest_route=%2Fwp%2Fv2%2Fcomments&post=8309"}],"version-history":[{"count":2,"href":"https:\/\/hallein-evangelisch.at\/wp\/index.php?rest_route=\/wp\/v2\/posts\/8309\/revisions"}],"predecessor-version":[{"id":8457,"href":"https:\/\/hallein-evangelisch.at\/wp\/index.php?rest_route=\/wp\/v2\/posts\/8309\/revisions\/8457"}],"wp:featuredmedia":[{"embeddable":true,"href":"https:\/\/hallein-evangelisch.at\/wp\/index.php?rest_route=\/wp\/v2\/media\/8310"}],"wp:attachment":[{"href":"https:\/\/hallein-evangelisch.at\/wp\/index.php?rest_route=%2Fwp%2Fv2%2Fmedia&parent=8309"}],"wp:term":[{"taxonomy":"category","embeddable":true,"href":"https:\/\/hallein-evangelisch.at\/wp\/index.php?rest_route=%2Fwp%2Fv2%2Fcategories&post=8309"},{"taxonomy":"post_tag","embeddable":true,"href":"https:\/\/hallein-evangelisch.at\/wp\/index.php?rest_route=%2Fwp%2Fv2%2Ftags&post=8309"}],"curies":[{"name":"wp","href":"https:\/\/api.w.org\/{rel}","templated":true}]}}