{"id":8313,"date":"2020-11-17T00:00:00","date_gmt":"2020-11-16T23:00:00","guid":{"rendered":"https:\/\/hallein-evangelisch.at\/wp\/?p=8313"},"modified":"2020-11-17T00:10:18","modified_gmt":"2020-11-16T23:10:18","slug":"advent-weihnachten-2020","status":"publish","type":"post","link":"https:\/\/hallein-evangelisch.at\/wp\/?p=8313","title":{"rendered":"Advent \/ Weihnachten 2020"},"content":{"rendered":"<p>[17.11.2020]<\/p>\n<p>Diese Tage erhalten die Mitglieder der Gemeinde den aktuellen Gemeindebrief. Corona-bedingt sind darin nicht mehr alle Informationen &#8211; vor allem im Bezug auf Termine und Veranstaltungen &#8211; am letzten Stand. Bitte nutzen Sie diesbez\u00fcglich daher unsere Homepage, die wir so rasch als m\u00f6glich den jeweiligen Umst\u00e4nden anpassen.<\/p>\n<p>Auf der Homepage k\u00f6nnen Sie diesen bequem online nachlesen. Dazu w\u00fcnschen wir alles Gute!<\/p>\n<a href=\"https:\/\/hallein-evangelisch.at\/wp\/wp-content\/uploads\/2020\/11\/2020_04_Gemeindebrief.pdf\" class=\"pdfemb-viewer\" style=\"\" data-width=\"max\" data-height=\"max\" data-toolbar=\"bottom\" data-toolbar-fixed=\"on\">2020_04_Gemeindebrief<\/a>\n","protected":false},"excerpt":{"rendered":"<div class=\"mh-excerpt\"><p>[17.11.2020] Diese Tage erhalten die Mitglieder der Gemeinde den aktuellen Gemeindebrief. Corona-bedingt sind darin nicht mehr alle Informationen &#8211; vor allem im Bezug auf Termine und Veranstaltungen &#8211; am letzten Stand. Bitte nutzen Sie diesbez\u00fcglich <a class=\"mh-excerpt-more\" href=\"https:\/\/hallein-evangelisch.at\/wp\/?p=8313\" title=\"Advent \/ Weihnachten 2020\">[&#8230;]<\/a><\/p>\n<\/div>","protected":false},"author":8,"featured_media":8314,"comment_status":"closed","ping_status":"closed","sticky":false,"template":"","format":"standard","meta":{"footnotes":""},"categories":[27],"tags":[],"class_list":{"0":"post-8313","1":"post","2":"type-post","3":"status-publish","4":"format-standard","5":"has-post-thumbnail","7":"category-gemeindebrief"},"_links":{"self":[{"href":"https:\/\/hallein-evangelisch.at\/wp\/index.php?rest_route=\/wp\/v2\/posts\/8313","targetHints":{"allow":["GET"]}}],"collection":[{"href":"https:\/\/hallein-evangelisch.at\/wp\/index.php?rest_route=\/wp\/v2\/posts"}],"about":[{"href":"https:\/\/hallein-evangelisch.at\/wp\/index.php?rest_route=\/wp\/v2\/types\/post"}],"author":[{"embeddable":true,"href":"https:\/\/hallein-evangelisch.at\/wp\/index.php?rest_route=\/wp\/v2\/users\/8"}],"replies":[{"embeddable":true,"href":"https:\/\/hallein-evangelisch.at\/wp\/index.php?rest_route=%2Fwp%2Fv2%2Fcomments&post=8313"}],"version-history":[{"count":3,"href":"https:\/\/hallein-evangelisch.at\/wp\/index.php?rest_route=\/wp\/v2\/posts\/8313\/revisions"}],"predecessor-version":[{"id":8417,"href":"https:\/\/hallein-evangelisch.at\/wp\/index.php?rest_route=\/wp\/v2\/posts\/8313\/revisions\/8417"}],"wp:featuredmedia":[{"embeddable":true,"href":"https:\/\/hallein-evangelisch.at\/wp\/index.php?rest_route=\/wp\/v2\/media\/8314"}],"wp:attachment":[{"href":"https:\/\/hallein-evangelisch.at\/wp\/index.php?rest_route=%2Fwp%2Fv2%2Fmedia&parent=8313"}],"wp:term":[{"taxonomy":"category","embeddable":true,"href":"https:\/\/hallein-evangelisch.at\/wp\/index.php?rest_route=%2Fwp%2Fv2%2Fcategories&post=8313"},{"taxonomy":"post_tag","embeddable":true,"href":"https:\/\/hallein-evangelisch.at\/wp\/index.php?rest_route=%2Fwp%2Fv2%2Ftags&post=8313"}],"curies":[{"name":"wp","href":"https:\/\/api.w.org\/{rel}","templated":true}]}}