{"id":8459,"date":"2020-11-20T13:57:45","date_gmt":"2020-11-20T12:57:45","guid":{"rendered":"https:\/\/hallein-evangelisch.at\/wp\/?p=8459"},"modified":"2020-11-20T13:58:10","modified_gmt":"2020-11-20T12:58:10","slug":"nordkoreas-christenverfolgung-2","status":"publish","type":"post","link":"https:\/\/hallein-evangelisch.at\/wp\/?p=8459","title":{"rendered":"Gefangener des Monats November"},"content":{"rendered":"<p>[20.11.2020]<\/p>\n<p><span class=\"Apple-converted-space\"><img loading=\"lazy\" decoding=\"async\" class=\"alignleft wp-image-8460 size-full\" src=\"https:\/\/hallein-evangelisch.at\/wp\/wp-content\/uploads\/2020\/11\/Asif-Pervaiz.jpg\" alt=\"\" width=\"200\" height=\"229\" \/>(Quelle: <a href=\"https:\/\/christeninnot.com\/\" target=\"_blank\" rel=\"noopener noreferrer\">christeninnot.com<\/a>) Die \u00f6kumenische Hilfsorganisation <i>Christen in Not<\/i> hat Asif Pervaiz als Gefangenen des Monats November benannt. Der pakistanische Christ sitzt seit dem Jahr 2013 hinter Gittern und wurde am 8. September 2020 wegen Blasphemie (Gottesl\u00e4sterung) zum Tode verurteilt.Sein ehemaliger Vorgesetzter in einer Strumpfwarenfabrik hatte ihn vor sieben Jahren angezeigt. Pervaiz soll per Mobiltelefon in mehreren Textnachrichten den Propheten Mohammed beleidigt haben. Asif weist s\u00e4mtliche Vorw\u00fcrfe zur\u00fcck und bezeichnet diese als Rache. Vielmehr habe ihn sein Ex-Chef bedr\u00e4ngt, zum Islam \u00fcberzutreten. Weil dem vierfachen Familienvater der Druck so zusetzte, habe er sogar seinen Job aufgegeben. Erst danach habe sein Ex-Vorgesetzter ihn der Blasphemie bezichtigt. F\u00fcr die Beleidigung des Propheten Mohammeds sieht der pakistanische Strafrechtsparagraf 295-C die Todesstrafe vor. Nach Bekanntwerden dieser Vorw\u00fcrfe tauchte der verfolgte Christ unter. Daraufhin sollen Polizisten solange auf einen Freund des Gesuchten eingepr\u00fcgelt haben, bis dieser Asifs Versteck verraten hat.<\/span><\/p>\n<p><a href=\"https:\/\/christeninnot.com\/portfolio-items\/petition-fuer-asif-pervaiz-pakistan\/?portfolioCats=272%2C268%2C266%2C267%2C269%2C271%2C270\" target=\"_blank\" rel=\"noopener noreferrer\">Zur Petition und weiteren Informationen<\/a><\/p>\n<p><a href=\"https:\/\/christeninnot.com\/spenden\/\" target=\"_blank\" rel=\"noopener noreferrer\">Hier k\u00f6nnen Sie f\u00fcr Christen in Not spenden<\/a><\/p>\n","protected":false},"excerpt":{"rendered":"<div class=\"mh-excerpt\"><p>[20.11.2020] (Quelle: christeninnot.com) Die \u00f6kumenische Hilfsorganisation Christen in Not hat Asif Pervaiz als Gefangenen des Monats November benannt. Der pakistanische Christ sitzt seit dem Jahr 2013 hinter Gittern und wurde am 8. September 2020 wegen <a class=\"mh-excerpt-more\" href=\"https:\/\/hallein-evangelisch.at\/wp\/?p=8459\" title=\"Gefangener des Monats November\">[&#8230;]<\/a><\/p>\n<\/div>","protected":false},"author":8,"featured_media":8381,"comment_status":"closed","ping_status":"closed","sticky":false,"template":"","format":"standard","meta":{"footnotes":""},"categories":[86],"tags":[],"class_list":{"0":"post-8459","1":"post","2":"type-post","3":"status-publish","4":"format-standard","5":"has-post-thumbnail","7":"category-solidarisch"},"_links":{"self":[{"href":"https:\/\/hallein-evangelisch.at\/wp\/index.php?rest_route=\/wp\/v2\/posts\/8459","targetHints":{"allow":["GET"]}}],"collection":[{"href":"https:\/\/hallein-evangelisch.at\/wp\/index.php?rest_route=\/wp\/v2\/posts"}],"about":[{"href":"https:\/\/hallein-evangelisch.at\/wp\/index.php?rest_route=\/wp\/v2\/types\/post"}],"author":[{"embeddable":true,"href":"https:\/\/hallein-evangelisch.at\/wp\/index.php?rest_route=\/wp\/v2\/users\/8"}],"replies":[{"embeddable":true,"href":"https:\/\/hallein-evangelisch.at\/wp\/index.php?rest_route=%2Fwp%2Fv2%2Fcomments&post=8459"}],"version-history":[{"count":2,"href":"https:\/\/hallein-evangelisch.at\/wp\/index.php?rest_route=\/wp\/v2\/posts\/8459\/revisions"}],"predecessor-version":[{"id":8462,"href":"https:\/\/hallein-evangelisch.at\/wp\/index.php?rest_route=\/wp\/v2\/posts\/8459\/revisions\/8462"}],"wp:featuredmedia":[{"embeddable":true,"href":"https:\/\/hallein-evangelisch.at\/wp\/index.php?rest_route=\/wp\/v2\/media\/8381"}],"wp:attachment":[{"href":"https:\/\/hallein-evangelisch.at\/wp\/index.php?rest_route=%2Fwp%2Fv2%2Fmedia&parent=8459"}],"wp:term":[{"taxonomy":"category","embeddable":true,"href":"https:\/\/hallein-evangelisch.at\/wp\/index.php?rest_route=%2Fwp%2Fv2%2Fcategories&post=8459"},{"taxonomy":"post_tag","embeddable":true,"href":"https:\/\/hallein-evangelisch.at\/wp\/index.php?rest_route=%2Fwp%2Fv2%2Ftags&post=8459"}],"curies":[{"name":"wp","href":"https:\/\/api.w.org\/{rel}","templated":true}]}}